{"id":102213,"date":"2024-03-13T12:52:39","date_gmt":"2024-03-13T07:52:39","guid":{"rendered":"https:\/\/zamanturkmenistan.com.tm\/?p=102213"},"modified":"2024-03-13T12:52:39","modified_gmt":"2024-03-13T07:52:39","slug":"oraza-ayynda-is-wagty-azaldyldy-2","status":"publish","type":"post","link":"https:\/\/zamanturkmenistan.com.tm\/?p=102213","title":{"rendered":"Oraza a\u00fdynda i\u015f wagty azaldyldy"},"content":{"rendered":"<p>Birle\u015fen Arap Emirliklerini\u0148 Adam \u00e7e\u015fmeleri we emirlikle\u015fdirme ministrligi oraza a\u00fdyny\u0148 dowamynda i\u015f wagtyny\u0148 2 sagat azaldylandygyny m\u00e4lim etdi. \u00ddurtda hereket ed\u00fd\u00e4n hususy pudaga degi\u015fli edara-k\u00e4rhanalarda i\u015f wagty her g\u00fcn 2 sagat azaldylyp, eger \u015fol sagatlarda i\u015flenen \u00fdagda\u00fdynda go\u015fma\u00e7a i\u015f wagty h\u00f6km\u00fcnde artyk hak t\u00f6lener. \u015ee\u00fdle hem i\u015fg\u00e4rlere uzakdan i\u015flemek \u00fda-da i\u015f wagtyny\u0148 \u00fc\u00fdtgedilmegi \u00fdaly \u00e7e\u00fde i\u015f tertibi hem h\u00f6d\u00fcrlener. Bu d\u00fczg\u00fcn agyz bekl\u00e4p bekleme\u00fd\u00e4ndigine garamazdan, \u00e4hli i\u015fg\u00e4rler \u00fc\u00e7in degi\u015fli edildi. Ministrlik oraza a\u00fdynda \u00e4hli ministrlikleri\u0148 we federal edaralary\u0148 hepd\u00e4ni\u0148 birinji g\u00fcn\u00fcnden d\u00f6rd\u00fcnji g\u00fcn\u00fcne \u00e7enli 09:00-14:30-a \u00e7enli i\u015flejekdigini, b\u00e4\u015finji g\u00fcn bolsa, zerurlyk bolmadyk \u00fdagda\u00fdynda 09:00-12:00 aralygynda \u00e7enli i\u015flejekdigini m\u00e4lim etdi.<\/p>\n","protected":false},"excerpt":{"rendered":"<p>Birle\u015fen Arap Emirliklerini\u0148 Adam \u00e7e\u015fmeleri we emirlikle\u015fdirme ministrligi oraza a\u00fdyny\u0148 dowamynda i\u015f wagtyny\u0148 2 sagat azaldylandygyny m\u00e4lim etdi. \u00ddurtda hereket ed\u00fd\u00e4n hususy pudaga degi\u015fli edara-k\u00e4rhanalarda i\u015f wagty her g\u00fcn 2 sagat azaldylyp, eger \u015fol sagatlarda i\u015flenen \u00fdagda\u00fdynda go\u015fma\u00e7a i\u015f wagty h\u00f6km\u00fcnde artyk hak t\u00f6lener. \u015ee\u00fdle hem i\u015fg\u00e4rlere uzakdan i\u015flemek \u00fda-da i\u015f wagtyny\u0148 \u00fc\u00fdtgedilmegi \u00fdaly \u00e7e\u00fde [&hellip;]<\/p>\n","protected":false},"author":2,"featured_media":102214,"comment_status":"open","ping_status":"closed","sticky":false,"template":"","format":"standard","meta":{"footnotes":""},"categories":[5],"tags":[],"acf":[],"_links":{"self":[{"href":"https:\/\/zamanturkmenistan.com.tm\/index.php?rest_route=\/wp\/v2\/posts\/102213"}],"collection":[{"href":"https:\/\/zamanturkmenistan.com.tm\/index.php?rest_route=\/wp\/v2\/posts"}],"about":[{"href":"https:\/\/zamanturkmenistan.com.tm\/index.php?rest_route=\/wp\/v2\/types\/post"}],"author":[{"embeddable":true,"href":"https:\/\/zamanturkmenistan.com.tm\/index.php?rest_route=\/wp\/v2\/users\/2"}],"replies":[{"embeddable":true,"href":"https:\/\/zamanturkmenistan.com.tm\/index.php?rest_route=%2Fwp%2Fv2%2Fcomments&post=102213"}],"version-history":[{"count":1,"href":"https:\/\/zamanturkmenistan.com.tm\/index.php?rest_route=\/wp\/v2\/posts\/102213\/revisions"}],"predecessor-version":[{"id":102215,"href":"https:\/\/zamanturkmenistan.com.tm\/index.php?rest_route=\/wp\/v2\/posts\/102213\/revisions\/102215"}],"wp:featuredmedia":[{"embeddable":true,"href":"https:\/\/zamanturkmenistan.com.tm\/index.php?rest_route=\/wp\/v2\/media\/102214"}],"wp:attachment":[{"href":"https:\/\/zamanturkmenistan.com.tm\/index.php?rest_route=%2Fwp%2Fv2%2Fmedia&parent=102213"}],"wp:term":[{"taxonomy":"category","embeddable":true,"href":"https:\/\/zamanturkmenistan.com.tm\/index.php?rest_route=%2Fwp%2Fv2%2Fcategories&post=102213"},{"taxonomy":"post_tag","embeddable":true,"href":"https:\/\/zamanturkmenistan.com.tm\/index.php?rest_route=%2Fwp%2Fv2%2Ftags&post=102213"}],"curies":[{"name":"wp","href":"https:\/\/api.w.org\/{rel}","templated":true}]}}