{"id":102576,"date":"2024-03-16T09:12:54","date_gmt":"2024-03-16T04:12:54","guid":{"rendered":"https:\/\/zamanturkmenistan.com.tm\/?p=102576"},"modified":"2024-03-16T09:12:54","modified_gmt":"2024-03-16T04:12:54","slug":"elektrik-energiyasyny-toplayjy-we-saklayjy-enjamlary-onduryan-yoritelesdirilen-karhana-dorediler","status":"publish","type":"post","link":"https:\/\/zamanturkmenistan.com.tm\/?p=102576","title":{"rendered":"Elektrik energi\u00fdasyny topla\u00fdjy we sakla\u00fdjy enjamlary \u00f6nd\u00fcr\u00fd\u00e4n  \u00fd\u00f6ritele\u015fdirilen k\u00e4rhana d\u00f6rediler"},"content":{"rendered":"<p>15-nji martda ge\u00e7irilen sanly ulgam arkaly Ministrler Kabinetini\u0148 mejlisinde Ministrler Kabinetini\u0148 Ba\u015flygyny\u0148 orunbasary B.Annam\u00e4mmedow d\u00f6wlet Ba\u015ftutanymyzy\u0148 \u00fdurdumyzda i\u015few\u00fcrligi goldamak hem-de da\u015fary \u00fdurtlardan getiril\u00fd\u00e4n harytlary\u0148 ornuny tut\u00fdan \u00f6n\u00fcmleri \u00f6nd\u00fcrmek babatda ozal beren tab\u015fyryklaryny \u00fderine \u00fdetirmek bo\u00fdun\u00e7a amala a\u015fyryl\u00fdan i\u015fler barada hasabat berdi. Hususan-da, elektrik energi\u00fdasyny topla\u00fdjy we sakla\u00fdjy enjamlary \u00f6nd\u00fcrm\u00e4ge \u00fd\u00f6ritele\u015fdirilen \u201c\u00dczn\u00fcksiz \u00e7e\u015fme\u201d hojalyk jemgy\u00fdetini d\u00f6retmegi\u0148 me\u00fdille\u015fdiril\u00fd\u00e4ndigi barada a\u00fddyldy.<br \/>\nT\u00fcrkmenistany\u0148 Energetika ministrligini\u0148 \u201cT\u00fcrkmenenergo\u201d d\u00f6wlet elektroenergetika korporasi\u00fdasyny\u0148 \u201cA\u015fgabatenergo\u201d \u00f6n\u00fcm\u00e7ilik birle\u015figini\u0148 we \u201c\u00dczn\u00fcksiz hyzmat\u201d hususy k\u00e4rhanasyny\u0148 pa\u00fdly gatna\u015fmagynda d\u00f6rediljek t\u00e4ze \u00f6n\u00fcm\u00e7ilik \u00fdurdumyzy senagatla\u015fdyrmaga go\u015fant go\u015fmaga, da\u015fary \u00fdurtlardan getiril\u00fd\u00e4n elektrik energi\u00fdasyny topla\u00fdjy we sakla\u00fdjy enjamlary\u0148 m\u00f6\u00e7berini azaltmaga, \u015fe\u00fdle hem t\u00e4ze i\u015f orunlaryny d\u00f6retm\u00e4ge m\u00fcmkin\u00e7ilik berer.<br \/>\nHormatly Prezidentimiz hasabaty di\u0148l\u00e4p, da\u015fary \u00fdurtlardan getiril\u00fd\u00e4n harytlary\u0148 ornuny tut\u00fdan \u00f6n\u00fcmleri \u00f6z\u00fcmizde \u00f6nd\u00fcrmek bo\u00fdun\u00e7a durmu\u015fa ge\u00e7iril\u00fd\u00e4n \u00f6zgertmeleri dowam etdirmegi\u0148 zerurdygyna \u00fcnsi \u00e7ekdi. D\u00f6wlet Ba\u015ftutanymyz \u00fdurdumyz \u00fc\u00e7in m\u00f6h\u00fcm bolan elektrik energi\u00fdasyny topla\u00fdjy we sakla\u00fdjy enjamlary \u00f6z\u00fcmizde \u00f6nd\u00fcrmek i\u015fini \u00fdola go\u00fdmaga m\u00f6h\u00fcm \u00e4hmi\u00fdet bermegi\u0148 wajypdygyny bell\u00e4p, bu ugurda d\u00f6rediljek bilelikd\u00e4ki hojalyk jemgy\u00fdetini\u0148 i\u015finde h\u00e4zirki zaman talaplaryndan ugur alynmalydygyny a\u00fdtdy we wise-prem\u00fdere bu babatda anyk tab\u015fyryklary berdi.<\/p>\n","protected":false},"excerpt":{"rendered":"<p>15-nji martda ge\u00e7irilen sanly ulgam arkaly Ministrler Kabinetini\u0148 mejlisinde Ministrler Kabinetini\u0148 Ba\u015flygyny\u0148 orunbasary B.Annam\u00e4mmedow d\u00f6wlet Ba\u015ftutanymyzy\u0148 \u00fdurdumyzda i\u015few\u00fcrligi goldamak hem-de da\u015fary \u00fdurtlardan getiril\u00fd\u00e4n harytlary\u0148 ornuny tut\u00fdan \u00f6n\u00fcmleri \u00f6nd\u00fcrmek babatda ozal beren tab\u015fyryklaryny \u00fderine \u00fdetirmek bo\u00fdun\u00e7a amala a\u015fyryl\u00fdan i\u015fler barada hasabat berdi. Hususan-da, elektrik energi\u00fdasyny topla\u00fdjy we sakla\u00fdjy enjamlary \u00f6nd\u00fcrm\u00e4ge \u00fd\u00f6ritele\u015fdirilen \u201c\u00dczn\u00fcksiz \u00e7e\u015fme\u201d hojalyk jemgy\u00fdetini d\u00f6retmegi\u0148 [&hellip;]<\/p>\n","protected":false},"author":2,"featured_media":102577,"comment_status":"open","ping_status":"closed","sticky":false,"template":"","format":"standard","meta":{"footnotes":""},"categories":[3],"tags":[],"acf":[],"_links":{"self":[{"href":"https:\/\/zamanturkmenistan.com.tm\/index.php?rest_route=\/wp\/v2\/posts\/102576"}],"collection":[{"href":"https:\/\/zamanturkmenistan.com.tm\/index.php?rest_route=\/wp\/v2\/posts"}],"about":[{"href":"https:\/\/zamanturkmenistan.com.tm\/index.php?rest_route=\/wp\/v2\/types\/post"}],"author":[{"embeddable":true,"href":"https:\/\/zamanturkmenistan.com.tm\/index.php?rest_route=\/wp\/v2\/users\/2"}],"replies":[{"embeddable":true,"href":"https:\/\/zamanturkmenistan.com.tm\/index.php?rest_route=%2Fwp%2Fv2%2Fcomments&post=102576"}],"version-history":[{"count":1,"href":"https:\/\/zamanturkmenistan.com.tm\/index.php?rest_route=\/wp\/v2\/posts\/102576\/revisions"}],"predecessor-version":[{"id":102578,"href":"https:\/\/zamanturkmenistan.com.tm\/index.php?rest_route=\/wp\/v2\/posts\/102576\/revisions\/102578"}],"wp:featuredmedia":[{"embeddable":true,"href":"https:\/\/zamanturkmenistan.com.tm\/index.php?rest_route=\/wp\/v2\/media\/102577"}],"wp:attachment":[{"href":"https:\/\/zamanturkmenistan.com.tm\/index.php?rest_route=%2Fwp%2Fv2%2Fmedia&parent=102576"}],"wp:term":[{"taxonomy":"category","embeddable":true,"href":"https:\/\/zamanturkmenistan.com.tm\/index.php?rest_route=%2Fwp%2Fv2%2Fcategories&post=102576"},{"taxonomy":"post_tag","embeddable":true,"href":"https:\/\/zamanturkmenistan.com.tm\/index.php?rest_route=%2Fwp%2Fv2%2Ftags&post=102576"}],"curies":[{"name":"wp","href":"https:\/\/api.w.org\/{rel}","templated":true}]}}