{"id":102579,"date":"2024-03-16T09:14:14","date_gmt":"2024-03-16T04:14:14","guid":{"rendered":"https:\/\/zamanturkmenistan.com.tm\/?p=102579"},"modified":"2024-03-16T09:14:14","modified_gmt":"2024-03-16T04:14:14","slug":"turkmen-yapon-kici-we-orta-telekecilerinin-isewurlik-maslahaty-geciriler","status":"publish","type":"post","link":"https:\/\/zamanturkmenistan.com.tm\/?p=102579","title":{"rendered":"T\u00fcrkmen-\u00fdapon ki\u00e7i we orta teleke\u00e7ilerini\u0148 i\u015few\u00fcrlik maslahaty ge\u00e7iriler"},"content":{"rendered":"<p>15-nji martda ge\u00e7irilen sanly ulgam arkaly Ministrler Kabinetini\u0148 mejlisinde Ministrler Kabinetini\u0148 Ba\u015flygyny\u0148 orunbasary B.Atda\u00fdew hormatly Prezidentimizi\u0148 tab\u015fyrygy bo\u00fdun\u00e7a \u015fu \u00fdyly\u0148 27-nji martynda \u00ddaponi\u00fdany\u0148 Tokio \u015f\u00e4herinde ge\u00e7irilmegi me\u00fdille\u015fdirilen T\u00fcrkmen-\u00fdapon ki\u00e7i we orta teleke\u00e7ilerini\u0148 i\u015few\u00fcrlik maslahatyna g\u00f6r\u00fcl\u00fd\u00e4n ta\u00fd\u00fdarlyk barada hasabat berdi.<br \/>\nForumy\u0148 bar\u015fynda ma\u00fda go\u00fdum, senagat, ulag-logistika, hususy ulgamlarda iki \u00fdurdu\u0148 arasyndaky hyzmatda\u015flygy \u00f6sd\u00fcrmegi\u0148 m\u00fcmkin\u00e7iliklerine garalar. \u015eunu\u0148 bilen birlikde, \u00ddaponi\u00fdada ge\u00e7iriljek \u201cEKSPO \u2014 2025\u201d B\u00fctind\u00fcn\u00fd\u00e4 sergisinde T\u00fcrkmenistany\u0148 milli pawil\u00fdony hem-de onda alnyp baryl\u00fdan i\u015fler bilen tany\u015fdyrmak g\u00f6z \u00f6\u0148\u00fcnde tutul\u00fdar.<br \/>\nHormatly Prezidentimiz hasabaty di\u0148l\u00e4p, da\u015fary \u00fdurtlar bilen s\u00f6wda-ykdysady gatna\u015fyklary \u00f6sd\u00fcrmegi\u0148 d\u00f6wletimizi\u0148 da\u015fary sy\u00fdasatyny\u0148 ileri tutul\u00fdan ugurlaryny\u0148 biridigini, \u00fdurdumyzda we da\u015fary \u00fdurtlarda yzygiderli ge\u00e7iril\u00fd\u00e4n sergileri\u0148, i\u015few\u00fcrlik maslahatlaryny\u0148, forumlary\u0148 hyzmatda\u015flygy\u0148 gerimini gi\u0148eltmekde uly \u00e4hmi\u00fdete e\u00fdedigini belledi. D\u00f6wlet Ba\u015ftutanymyz Tokio \u015f\u00e4herinde T\u00fcrkmen-\u00fdapon ki\u00e7i we orta teleke\u00e7ilerini\u0148 i\u015few\u00fcrlik maslahatyny gurama\u00e7ylykly ge\u00e7irmegi\u0148 wajypdygyna \u00fcnsi \u00e7ekip, wise-prem\u00fdere onu\u0148 \u00fdokary gurama\u00e7ylyk derejesini \u00fcpj\u00fcn etmegi tab\u015fyrdy.<\/p>\n","protected":false},"excerpt":{"rendered":"<p>15-nji martda ge\u00e7irilen sanly ulgam arkaly Ministrler Kabinetini\u0148 mejlisinde Ministrler Kabinetini\u0148 Ba\u015flygyny\u0148 orunbasary B.Atda\u00fdew hormatly Prezidentimizi\u0148 tab\u015fyrygy bo\u00fdun\u00e7a \u015fu \u00fdyly\u0148 27-nji martynda \u00ddaponi\u00fdany\u0148 Tokio \u015f\u00e4herinde ge\u00e7irilmegi me\u00fdille\u015fdirilen T\u00fcrkmen-\u00fdapon ki\u00e7i we orta teleke\u00e7ilerini\u0148 i\u015few\u00fcrlik maslahatyna g\u00f6r\u00fcl\u00fd\u00e4n ta\u00fd\u00fdarlyk barada hasabat berdi. Forumy\u0148 bar\u015fynda ma\u00fda go\u00fdum, senagat, ulag-logistika, hususy ulgamlarda iki \u00fdurdu\u0148 arasyndaky hyzmatda\u015flygy \u00f6sd\u00fcrmegi\u0148 m\u00fcmkin\u00e7iliklerine garalar. \u015eunu\u0148 [&hellip;]<\/p>\n","protected":false},"author":2,"featured_media":80512,"comment_status":"open","ping_status":"closed","sticky":false,"template":"","format":"standard","meta":{"footnotes":""},"categories":[3],"tags":[],"acf":[],"_links":{"self":[{"href":"https:\/\/zamanturkmenistan.com.tm\/index.php?rest_route=\/wp\/v2\/posts\/102579"}],"collection":[{"href":"https:\/\/zamanturkmenistan.com.tm\/index.php?rest_route=\/wp\/v2\/posts"}],"about":[{"href":"https:\/\/zamanturkmenistan.com.tm\/index.php?rest_route=\/wp\/v2\/types\/post"}],"author":[{"embeddable":true,"href":"https:\/\/zamanturkmenistan.com.tm\/index.php?rest_route=\/wp\/v2\/users\/2"}],"replies":[{"embeddable":true,"href":"https:\/\/zamanturkmenistan.com.tm\/index.php?rest_route=%2Fwp%2Fv2%2Fcomments&post=102579"}],"version-history":[{"count":1,"href":"https:\/\/zamanturkmenistan.com.tm\/index.php?rest_route=\/wp\/v2\/posts\/102579\/revisions"}],"predecessor-version":[{"id":102580,"href":"https:\/\/zamanturkmenistan.com.tm\/index.php?rest_route=\/wp\/v2\/posts\/102579\/revisions\/102580"}],"wp:featuredmedia":[{"embeddable":true,"href":"https:\/\/zamanturkmenistan.com.tm\/index.php?rest_route=\/wp\/v2\/media\/80512"}],"wp:attachment":[{"href":"https:\/\/zamanturkmenistan.com.tm\/index.php?rest_route=%2Fwp%2Fv2%2Fmedia&parent=102579"}],"wp:term":[{"taxonomy":"category","embeddable":true,"href":"https:\/\/zamanturkmenistan.com.tm\/index.php?rest_route=%2Fwp%2Fv2%2Fcategories&post=102579"},{"taxonomy":"post_tag","embeddable":true,"href":"https:\/\/zamanturkmenistan.com.tm\/index.php?rest_route=%2Fwp%2Fv2%2Ftags&post=102579"}],"curies":[{"name":"wp","href":"https:\/\/api.w.org\/{rel}","templated":true}]}}