{"id":102583,"date":"2024-03-16T09:15:51","date_gmt":"2024-03-16T04:15:51","guid":{"rendered":"https:\/\/zamanturkmenistan.com.tm\/?p=102583"},"modified":"2024-03-16T09:15:51","modified_gmt":"2024-03-16T04:15:51","slug":"turkmen-awstriya-isewurlik-genesi-dorediler","status":"publish","type":"post","link":"https:\/\/zamanturkmenistan.com.tm\/?p=102583","title":{"rendered":"T\u00fcrkmen-awstri\u00fda i\u015few\u00fcrlik ge\u0148e\u015fi d\u00f6rediler"},"content":{"rendered":"<p>15-nji martda ge\u00e7irilen sanly ulgam arkaly Ministrler Kabinetini\u0148 mejlisinde Ministrler Kabinetini\u0148 Ba\u015flygyny\u0148 orunbasary, da\u015fary i\u015fler ministri R.Meredow d\u00e4p bolan dostlukly d\u00f6wletara gatna\u015fyklary mundan be\u00fdl\u00e4k-de \u00f6sd\u00fcrmegi\u0148 ileri tutul\u00fdan ugurlaryny ara alyp maslahatla\u015fmak maksady bilen, \u015fu \u00fdyly\u0148 10 \u2014 13-nji martynda T\u00fcrkmenistany\u0148 wekili\u00fdetini\u0148 Awstri\u00fda Respublikasyna amala a\u015fyran i\u015f saparyny\u0148 netijeleri barada hasabat berdi.<br \/>\nNetijeli hyzmatda\u015flygy mundan be\u00fdl\u00e4k-de \u00f6sd\u00fcrmek maksady bilen, wise-prem\u00fder, da\u015fary i\u015fler ministri d\u00f6wlet Ba\u015ftutanymyzy\u0148 garamagyna T\u00fcrkmen-awstri\u00fda i\u015few\u00fcrlik ge\u0148e\u015fini d\u00f6retmek, 2025-nji \u00fdylda T\u00fcrkmenistanda Awstri\u00fda \u00f6\u00fd\u00fcni a\u00e7mak, \u015fu \u00fdyly\u0148 i\u00fdun a\u00fdynda Wena \u015f\u00e4herinde t\u00fcrkmen-awstri\u00fda i\u015f toparyny\u0148 12-nji mejlisini ge\u00e7irmek, dekabr a\u00fdynda bolsa awstri\u00fdaly i\u015few\u00fcrleri\u0148 T\u00fcrkmenistana saparyny guramak, \u00f6zara s\u00f6wda-ykdysady hyzmatda\u015flygy\u0148 anyk ugurlaryny kesgitle\u00fd\u00e4n degi\u015fli resminamany ta\u00fd\u00fdarlamak bilen bagly teklipleri h\u00f6d\u00fcrledi.<br \/>\nHormatly Prezidentimiz hasabaty di\u0148l\u00e4p, T\u00fcrkmenistany\u0148 Awstri\u00fda Respublikasy bilen netijeli hyzmatda\u015flyk ed\u00fd\u00e4ndigini kanagatlanma bilen belledi we saglygy gora\u00fdy\u015f, bilim, medeni\u00fdet, \u015f\u00e4hergurlu\u015fyk, s\u00f6wda-ykdysady ugurlar bo\u00fdun\u00e7a ikitarapla\u00fdyn gatna\u015fyklary mundan be\u00fdl\u00e4k-de \u00f6sd\u00fcrmegi\u0148 m\u00f6h\u00fcm \u00e4hmi\u00fdete e\u00fdedigini belledi. D\u00f6wlet Ba\u015ftutanymyz Wenada ge\u00e7irilen geple\u015fikleri\u0148 \u00fdakyn geljekde k\u00f6pugurly t\u00fcrkmen-awstri\u00fda gatna\u015fyklaryny has-da berkitm\u00e4ge \u00fdardam berjekdigini bell\u00e4p, h\u00f6d\u00fcrlenen teklipleri makullady we wise-prem\u00fder, da\u015fary i\u015fler ministrine bu ugurda i\u015fleri yzygiderli dowam etdirmegi tab\u015fyrdy.<\/p>\n","protected":false},"excerpt":{"rendered":"<p>15-nji martda ge\u00e7irilen sanly ulgam arkaly Ministrler Kabinetini\u0148 mejlisinde Ministrler Kabinetini\u0148 Ba\u015flygyny\u0148 orunbasary, da\u015fary i\u015fler ministri R.Meredow d\u00e4p bolan dostlukly d\u00f6wletara gatna\u015fyklary mundan be\u00fdl\u00e4k-de \u00f6sd\u00fcrmegi\u0148 ileri tutul\u00fdan ugurlaryny ara alyp maslahatla\u015fmak maksady bilen, \u015fu \u00fdyly\u0148 10 \u2014 13-nji martynda T\u00fcrkmenistany\u0148 wekili\u00fdetini\u0148 Awstri\u00fda Respublikasyna amala a\u015fyran i\u015f saparyny\u0148 netijeleri barada hasabat berdi. Netijeli hyzmatda\u015flygy mundan be\u00fdl\u00e4k-de [&hellip;]<\/p>\n","protected":false},"author":2,"featured_media":102184,"comment_status":"open","ping_status":"closed","sticky":false,"template":"","format":"standard","meta":{"footnotes":""},"categories":[3],"tags":[],"acf":[],"_links":{"self":[{"href":"https:\/\/zamanturkmenistan.com.tm\/index.php?rest_route=\/wp\/v2\/posts\/102583"}],"collection":[{"href":"https:\/\/zamanturkmenistan.com.tm\/index.php?rest_route=\/wp\/v2\/posts"}],"about":[{"href":"https:\/\/zamanturkmenistan.com.tm\/index.php?rest_route=\/wp\/v2\/types\/post"}],"author":[{"embeddable":true,"href":"https:\/\/zamanturkmenistan.com.tm\/index.php?rest_route=\/wp\/v2\/users\/2"}],"replies":[{"embeddable":true,"href":"https:\/\/zamanturkmenistan.com.tm\/index.php?rest_route=%2Fwp%2Fv2%2Fcomments&post=102583"}],"version-history":[{"count":1,"href":"https:\/\/zamanturkmenistan.com.tm\/index.php?rest_route=\/wp\/v2\/posts\/102583\/revisions"}],"predecessor-version":[{"id":102584,"href":"https:\/\/zamanturkmenistan.com.tm\/index.php?rest_route=\/wp\/v2\/posts\/102583\/revisions\/102584"}],"wp:featuredmedia":[{"embeddable":true,"href":"https:\/\/zamanturkmenistan.com.tm\/index.php?rest_route=\/wp\/v2\/media\/102184"}],"wp:attachment":[{"href":"https:\/\/zamanturkmenistan.com.tm\/index.php?rest_route=%2Fwp%2Fv2%2Fmedia&parent=102583"}],"wp:term":[{"taxonomy":"category","embeddable":true,"href":"https:\/\/zamanturkmenistan.com.tm\/index.php?rest_route=%2Fwp%2Fv2%2Fcategories&post=102583"},{"taxonomy":"post_tag","embeddable":true,"href":"https:\/\/zamanturkmenistan.com.tm\/index.php?rest_route=%2Fwp%2Fv2%2Ftags&post=102583"}],"curies":[{"name":"wp","href":"https:\/\/api.w.org\/{rel}","templated":true}]}}