{"id":102836,"date":"2024-03-20T10:32:31","date_gmt":"2024-03-20T05:32:31","guid":{"rendered":"https:\/\/zamanturkmenistan.com.tm\/?p=102836"},"modified":"2024-03-20T10:32:31","modified_gmt":"2024-03-20T05:32:31","slug":"20-nji-mart-halkara-bagt-guni","status":"publish","type":"post","link":"https:\/\/zamanturkmenistan.com.tm\/?p=102836","title":{"rendered":"20-nji mart &#8211; Hal\u00adka\u00adra Bagt g\u00fc\u00adni"},"content":{"rendered":"<p>Bir\u00adle\u00ad\u015fen Mil\u00adlet\u00adler Gu\u00adra\u00adma\u00adsy 2012-nji \u00fdyl\u00adda 20-nji mar\u00adty Hal\u00adka\u00adra Bagt g\u00fc\u00adni di\u00ad\u00fdip yg\u00adlan et\u00addi. Bu ba\u00fd\u00adram d\u00fcn\u00ad\u00fd\u00e4\u00add\u00e4\u00adki adam\u00adla\u00adry\u0148 dur\u00admu\u00ad\u015fyn\u00adda bag\u00adty\u0148 \u00e4h\u00admi\u00ad\u00fde\u00adti\u00adne \u00fcn\u00adsi \u00e7ek\u00adme\u00adgi mak\u00adsat edin\u00ad\u00fd\u00e4r. BMG ga\u00adryp\u00adly\u00adgy \u00fdok et\u00admek, pla\u00adne\u00adta\u00adny go\u00adra\u00admak we de\u0148\u00adsiz\u00adli\u00adgi azalt\u00admak \u00fc\u00e7in dur\u00adnuk\u00adly \u00f6s\u00fc\u015f mak\u00adsat\u00adna\u00adma\u00adsy\u00adny ka\u00adbul et\u00addi. Bu \u015fert\u00adler bagt we aba\u00addan\u00ad\u00e7y\u00adlyk ga\u00adzan\u00admak \u00fc\u00e7in ze\u00adrur\u00addyr.<\/p>\n","protected":false},"excerpt":{"rendered":"<p>Bir\u00adle\u00ad\u015fen Mil\u00adlet\u00adler Gu\u00adra\u00adma\u00adsy 2012-nji \u00fdyl\u00adda 20-nji mar\u00adty Hal\u00adka\u00adra Bagt g\u00fc\u00adni di\u00ad\u00fdip yg\u00adlan et\u00addi. Bu ba\u00fd\u00adram d\u00fcn\u00ad\u00fd\u00e4\u00add\u00e4\u00adki adam\u00adla\u00adry\u0148 dur\u00admu\u00ad\u015fyn\u00adda bag\u00adty\u0148 \u00e4h\u00admi\u00ad\u00fde\u00adti\u00adne \u00fcn\u00adsi \u00e7ek\u00adme\u00adgi mak\u00adsat edin\u00ad\u00fd\u00e4r. BMG ga\u00adryp\u00adly\u00adgy \u00fdok et\u00admek, pla\u00adne\u00adta\u00adny go\u00adra\u00admak we de\u0148\u00adsiz\u00adli\u00adgi azalt\u00admak \u00fc\u00e7in dur\u00adnuk\u00adly \u00f6s\u00fc\u015f mak\u00adsat\u00adna\u00adma\u00adsy\u00adny ka\u00adbul et\u00addi. Bu \u015fert\u00adler bagt we aba\u00addan\u00ad\u00e7y\u00adlyk ga\u00adzan\u00admak \u00fc\u00e7in ze\u00adrur\u00addyr.<\/p>\n","protected":false},"author":2,"featured_media":102837,"comment_status":"open","ping_status":"closed","sticky":false,"template":"","format":"standard","meta":{"footnotes":""},"categories":[402],"tags":[],"acf":[],"_links":{"self":[{"href":"https:\/\/zamanturkmenistan.com.tm\/index.php?rest_route=\/wp\/v2\/posts\/102836"}],"collection":[{"href":"https:\/\/zamanturkmenistan.com.tm\/index.php?rest_route=\/wp\/v2\/posts"}],"about":[{"href":"https:\/\/zamanturkmenistan.com.tm\/index.php?rest_route=\/wp\/v2\/types\/post"}],"author":[{"embeddable":true,"href":"https:\/\/zamanturkmenistan.com.tm\/index.php?rest_route=\/wp\/v2\/users\/2"}],"replies":[{"embeddable":true,"href":"https:\/\/zamanturkmenistan.com.tm\/index.php?rest_route=%2Fwp%2Fv2%2Fcomments&post=102836"}],"version-history":[{"count":1,"href":"https:\/\/zamanturkmenistan.com.tm\/index.php?rest_route=\/wp\/v2\/posts\/102836\/revisions"}],"predecessor-version":[{"id":102838,"href":"https:\/\/zamanturkmenistan.com.tm\/index.php?rest_route=\/wp\/v2\/posts\/102836\/revisions\/102838"}],"wp:featuredmedia":[{"embeddable":true,"href":"https:\/\/zamanturkmenistan.com.tm\/index.php?rest_route=\/wp\/v2\/media\/102837"}],"wp:attachment":[{"href":"https:\/\/zamanturkmenistan.com.tm\/index.php?rest_route=%2Fwp%2Fv2%2Fmedia&parent=102836"}],"wp:term":[{"taxonomy":"category","embeddable":true,"href":"https:\/\/zamanturkmenistan.com.tm\/index.php?rest_route=%2Fwp%2Fv2%2Fcategories&post=102836"},{"taxonomy":"post_tag","embeddable":true,"href":"https:\/\/zamanturkmenistan.com.tm\/index.php?rest_route=%2Fwp%2Fv2%2Ftags&post=102836"}],"curies":[{"name":"wp","href":"https:\/\/api.w.org\/{rel}","templated":true}]}}