{"id":103017,"date":"2024-03-23T14:35:31","date_gmt":"2024-03-23T09:35:31","guid":{"rendered":"https:\/\/zamanturkmenistan.com.tm\/?p=103017"},"modified":"2024-03-23T14:35:31","modified_gmt":"2024-03-23T09:35:31","slug":"alzirde-mohletinden-on-prezident-saylawlary-geciriler","status":"publish","type":"post","link":"https:\/\/zamanturkmenistan.com.tm\/?p=103017","title":{"rendered":"Al\u017eirde m\u00f6hletinden \u00f6\u0148 Prezident sa\u00fdlawlary ge\u00e7iriler"},"content":{"rendered":"<p>Al\u017eiri\u0148 Prezidenti Abdelmadjid Tebbun 2024-nji \u00fdyly\u0148 7-nji sent\u00fdabrynda m\u00f6hletinden \u00f6\u0148 Prezident sa\u00fdlawlaryny ge\u00e7irmek barada karara geldi. Bu barada Al\u017eir radiosy habar berdi.<\/p>\n<p>D\u00f6wlet Ba\u015ftutany sa\u00fdlawlaryny ge\u00e7irmek baradaky mesel\u00e4ni parlamenti\u0148 ba\u015flygy, Konstitusi\u00fda kazy\u00fdetini\u0148 ba\u015flygy, Prem\u00fder-ministr, Milli halk go\u015funyny\u0148 \u015ftab ba\u015flygy, prezidenti\u0148 diwanyny\u0148 ba\u015flygy, i\u00e7eri i\u015fler ministri we gara\u015fsyz milli sa\u00fdlaw toparyny\u0148 ba\u015flygyny\u0148 gatna\u015fmagynda ge\u00e7irilen du\u015fu\u015fykda ara alyp maslahatla\u015fdy.<\/p>\n<p>Al\u017eirde \u00f6\u0148ki Prezident sa\u00fdlawlary 2019-njy \u00fdyly\u0148 12-nji dekabrynda ge\u00e7irilipdi. \u015eonda Tebbun sa\u00fdlaw\u00e7ylary\u0148 58 g\u00f6terimini\u0148 goldawyna e\u00fde bolupdy. \u00a0Onu\u0148 b\u00e4\u015f \u00fdyllyk m\u00f6hleti \u015fu \u00fdyly\u0148 dekabr a\u00fdynda gutar\u00fdar. M\u00f6hletinden \u00f6\u0148ki sa\u00fdlawlary ge\u00e7irmegi\u0148 seb\u00e4pleri habar berilmedi. \u015ee\u00fdle hem, Tebbuny\u0148 sa\u00fdlawlara gatna\u015fmak \u00fc\u00e7in \u00f6z\u00fcni\u0148 dala\u015fg\u00e4rligini h\u00f6d\u00fcrlemek isle\u00fd\u00e4ndigi \u00fda-da \u00fdokdugy belli d\u00e4l.<\/p>\n<p>Al\u017eir Halk Demokratik Respublikasy &#8211; Demirgazyk Afrikada, Orta\u00fder de\u0148zini\u0148 basse\u00fdnini\u0148 g\u00fcnbatar b\u00f6legind\u00e4ki, \u00e7\u00e4kleri bo\u00fdun\u00e7a i\u0148 uly Afrika d\u00f6wletidir. Al\u017eir g\u00fcnbatarda Marokko, g\u00fcnorta-g\u00fcnbatarda Mawritani\u00fda we Mali, g\u00fcnorta-g\u00fcndogarda Nigeri\u00fda, g\u00fcndogarda Liwi\u00fda we Tunis bilen serhetle\u015f\u00fd\u00e4r. \u00ddurdu\u0148 \u00e7\u00e4gini\u0148 k\u00f6p b\u00f6legi Sahara \u00e7\u00f6l\u00fcnde \u00fderle\u015f\u00fd\u00e4r. \u00ddurdu\u0148 ilaty 48 milliondan gowrakdyr.<\/p>\n","protected":false},"excerpt":{"rendered":"<p>Al\u017eiri\u0148 Prezidenti Abdelmadjid Tebbun 2024-nji \u00fdyly\u0148 7-nji sent\u00fdabrynda m\u00f6hletinden \u00f6\u0148 Prezident sa\u00fdlawlaryny ge\u00e7irmek barada karara geldi. Bu barada Al\u017eir radiosy habar berdi. D\u00f6wlet Ba\u015ftutany sa\u00fdlawlaryny ge\u00e7irmek baradaky mesel\u00e4ni parlamenti\u0148 ba\u015flygy, Konstitusi\u00fda kazy\u00fdetini\u0148 ba\u015flygy, Prem\u00fder-ministr, Milli halk go\u015funyny\u0148 \u015ftab ba\u015flygy, prezidenti\u0148 diwanyny\u0148 ba\u015flygy, i\u00e7eri i\u015fler ministri we gara\u015fsyz milli sa\u00fdlaw toparyny\u0148 ba\u015flygyny\u0148 gatna\u015fmagynda ge\u00e7irilen du\u015fu\u015fykda ara [&hellip;]<\/p>\n","protected":false},"author":2,"featured_media":103029,"comment_status":"open","ping_status":"closed","sticky":false,"template":"","format":"standard","meta":{"footnotes":""},"categories":[5],"tags":[],"acf":[],"_links":{"self":[{"href":"https:\/\/zamanturkmenistan.com.tm\/index.php?rest_route=\/wp\/v2\/posts\/103017"}],"collection":[{"href":"https:\/\/zamanturkmenistan.com.tm\/index.php?rest_route=\/wp\/v2\/posts"}],"about":[{"href":"https:\/\/zamanturkmenistan.com.tm\/index.php?rest_route=\/wp\/v2\/types\/post"}],"author":[{"embeddable":true,"href":"https:\/\/zamanturkmenistan.com.tm\/index.php?rest_route=\/wp\/v2\/users\/2"}],"replies":[{"embeddable":true,"href":"https:\/\/zamanturkmenistan.com.tm\/index.php?rest_route=%2Fwp%2Fv2%2Fcomments&post=103017"}],"version-history":[{"count":1,"href":"https:\/\/zamanturkmenistan.com.tm\/index.php?rest_route=\/wp\/v2\/posts\/103017\/revisions"}],"predecessor-version":[{"id":103030,"href":"https:\/\/zamanturkmenistan.com.tm\/index.php?rest_route=\/wp\/v2\/posts\/103017\/revisions\/103030"}],"wp:featuredmedia":[{"embeddable":true,"href":"https:\/\/zamanturkmenistan.com.tm\/index.php?rest_route=\/wp\/v2\/media\/103029"}],"wp:attachment":[{"href":"https:\/\/zamanturkmenistan.com.tm\/index.php?rest_route=%2Fwp%2Fv2%2Fmedia&parent=103017"}],"wp:term":[{"taxonomy":"category","embeddable":true,"href":"https:\/\/zamanturkmenistan.com.tm\/index.php?rest_route=%2Fwp%2Fv2%2Fcategories&post=103017"},{"taxonomy":"post_tag","embeddable":true,"href":"https:\/\/zamanturkmenistan.com.tm\/index.php?rest_route=%2Fwp%2Fv2%2Ftags&post=103017"}],"curies":[{"name":"wp","href":"https:\/\/api.w.org\/{rel}","templated":true}]}}