{"id":103022,"date":"2024-03-23T12:22:28","date_gmt":"2024-03-23T07:22:28","guid":{"rendered":"https:\/\/zamanturkmenistan.com.tm\/?p=103022"},"modified":"2024-03-23T12:22:28","modified_gmt":"2024-03-23T07:22:28","slug":"suwuklandyrylan-gazy-eksport-eder","status":"publish","type":"post","link":"https:\/\/zamanturkmenistan.com.tm\/?p=103022","title":{"rendered":"Su\u00adwuk\u00adlan\u00addy\u00adry\u00adlan ga\u00adzy eks\u00adport eder"},"content":{"rendered":"<p>Bir\u00adle\u00ad\u015fen Arap Emir\u00adlik\u00adle\u00adri\u00adni\u0148 Abu-Da\u00adbi mil\u00adli ne\u00adbit kom\u00adpa\u00adni\u00ad\u00fda\u00adsy (Ad\u00adnoc) Ger\u00adma\u00adni\u00ad\u00fda\u00adny\u0148 SE\u00adFE kom\u00adpa\u00adni\u00ad\u00fda\u00adsy\u00adna \u00fdyl\u00adda 1 mil\u00adli\u00adon ton\u00adna su\u00adwuk\u00adlan\u00addy\u00adry\u00adlan ga\u00adzy iber\u00admek bo\u00ad\u00fdun\u00ad\u00e7a yla\u00adla\u00ad\u015fyk ga\u00adzan\u00addy. BAE 2028-nji \u00fdyl\u00addan ba\u015f\u00adlap, 15 \u00fdy\u00adly\u0148 do\u00adwa\u00admyn\u00adda Ger\u00adma\u00adni\u00ad\u00fda su\u00adwuk\u00adlan\u00addy\u00adry\u00adlan gaz sa\u00adtar. \u00abAd\u00adnoc\u00bb su\u00adwuk\u00adlan\u00addy\u00adry\u00adlan ga\u00adzy Abu-Da\u00adbi\u00adni\u0148 go\u00adla\u00ad\u00fdyn\u00adda\u00adky Er-Ru\u00adwa\u00fds \u015f\u00e4\u00adhe\u00adrin\u00adde gu\u00adrul\u00adjak des\u00adga\u00addan ibe\u00adrer.<br \/>\nGer\u00adma\u00adni\u00ad\u00fda \u015fu on\u00ad\u00fdyl\u00adly\u00adgy\u0148 ahy\u00adry\u00adna \u00e7en\u00adli k\u00f6\u00adm\u00fcr ula\u00adny\u00adly\u00ad\u015fy\u00adny \u00fda\u00adtyr\u00adma\u00adgy mak\u00adsat edin\u00ad\u00fd\u00e4r. Ne\u00adti\u00adje\u00adde has aras\u00adsa ha\u00adsap edil\u00ad\u00fd\u00e4n ener\u00adgi\u00ad\u00fda \u00e7e\u015f\u00adme\u00adle\u00adri\u00adni\u0148 ula\u00adny\u00adly\u00ad\u015fy art\u00addy\u00adry\u00adlar.<\/p>\n","protected":false},"excerpt":{"rendered":"<p>Bir\u00adle\u00ad\u015fen Arap Emir\u00adlik\u00adle\u00adri\u00adni\u0148 Abu-Da\u00adbi mil\u00adli ne\u00adbit kom\u00adpa\u00adni\u00ad\u00fda\u00adsy (Ad\u00adnoc) Ger\u00adma\u00adni\u00ad\u00fda\u00adny\u0148 SE\u00adFE kom\u00adpa\u00adni\u00ad\u00fda\u00adsy\u00adna \u00fdyl\u00adda 1 mil\u00adli\u00adon ton\u00adna su\u00adwuk\u00adlan\u00addy\u00adry\u00adlan ga\u00adzy iber\u00admek bo\u00ad\u00fdun\u00ad\u00e7a yla\u00adla\u00ad\u015fyk ga\u00adzan\u00addy. BAE 2028-nji \u00fdyl\u00addan ba\u015f\u00adlap, 15 \u00fdy\u00adly\u0148 do\u00adwa\u00admyn\u00adda Ger\u00adma\u00adni\u00ad\u00fda su\u00adwuk\u00adlan\u00addy\u00adry\u00adlan gaz sa\u00adtar. \u00abAd\u00adnoc\u00bb su\u00adwuk\u00adlan\u00addy\u00adry\u00adlan ga\u00adzy Abu-Da\u00adbi\u00adni\u0148 go\u00adla\u00ad\u00fdyn\u00adda\u00adky Er-Ru\u00adwa\u00fds \u015f\u00e4\u00adhe\u00adrin\u00adde gu\u00adrul\u00adjak des\u00adga\u00addan ibe\u00adrer. Ger\u00adma\u00adni\u00ad\u00fda \u015fu on\u00ad\u00fdyl\u00adly\u00adgy\u0148 ahy\u00adry\u00adna \u00e7en\u00adli k\u00f6\u00adm\u00fcr ula\u00adny\u00adly\u00ad\u015fy\u00adny \u00fda\u00adtyr\u00adma\u00adgy mak\u00adsat edin\u00ad\u00fd\u00e4r. Ne\u00adti\u00adje\u00adde has aras\u00adsa [&hellip;]<\/p>\n","protected":false},"author":2,"featured_media":67542,"comment_status":"open","ping_status":"closed","sticky":false,"template":"","format":"standard","meta":{"footnotes":""},"categories":[5],"tags":[],"acf":[],"_links":{"self":[{"href":"https:\/\/zamanturkmenistan.com.tm\/index.php?rest_route=\/wp\/v2\/posts\/103022"}],"collection":[{"href":"https:\/\/zamanturkmenistan.com.tm\/index.php?rest_route=\/wp\/v2\/posts"}],"about":[{"href":"https:\/\/zamanturkmenistan.com.tm\/index.php?rest_route=\/wp\/v2\/types\/post"}],"author":[{"embeddable":true,"href":"https:\/\/zamanturkmenistan.com.tm\/index.php?rest_route=\/wp\/v2\/users\/2"}],"replies":[{"embeddable":true,"href":"https:\/\/zamanturkmenistan.com.tm\/index.php?rest_route=%2Fwp%2Fv2%2Fcomments&post=103022"}],"version-history":[{"count":1,"href":"https:\/\/zamanturkmenistan.com.tm\/index.php?rest_route=\/wp\/v2\/posts\/103022\/revisions"}],"predecessor-version":[{"id":103023,"href":"https:\/\/zamanturkmenistan.com.tm\/index.php?rest_route=\/wp\/v2\/posts\/103022\/revisions\/103023"}],"wp:featuredmedia":[{"embeddable":true,"href":"https:\/\/zamanturkmenistan.com.tm\/index.php?rest_route=\/wp\/v2\/media\/67542"}],"wp:attachment":[{"href":"https:\/\/zamanturkmenistan.com.tm\/index.php?rest_route=%2Fwp%2Fv2%2Fmedia&parent=103022"}],"wp:term":[{"taxonomy":"category","embeddable":true,"href":"https:\/\/zamanturkmenistan.com.tm\/index.php?rest_route=%2Fwp%2Fv2%2Fcategories&post=103022"},{"taxonomy":"post_tag","embeddable":true,"href":"https:\/\/zamanturkmenistan.com.tm\/index.php?rest_route=%2Fwp%2Fv2%2Ftags&post=103022"}],"curies":[{"name":"wp","href":"https:\/\/api.w.org\/{rel}","templated":true}]}}