{"id":103112,"date":"2024-03-25T09:26:16","date_gmt":"2024-03-25T04:26:16","guid":{"rendered":"https:\/\/zamanturkmenistan.com.tm\/?p=103112"},"modified":"2024-03-25T09:26:16","modified_gmt":"2024-03-25T04:26:16","slug":"ikinji-tapgyry-geciriler-13","status":"publish","type":"post","link":"https:\/\/zamanturkmenistan.com.tm\/?p=103112","title":{"rendered":"Ikinji tapgyry ge\u00e7iriler"},"content":{"rendered":"<p>23-nji martda Slowaki\u00fdada ge\u00e7irilen Prezident sa\u00fdlawlaryny\u0148 birinji tapgyryna gatna\u015fanlary\u0148 hi\u00e7 biri-de 50 g\u00f6terimden gowrak ses alyp bilmedi. \u015eonu\u0148 \u00fc\u00e7in 6-njy aprelde \u00fdurtda sa\u00fdlawlary\u0148 ikinji tapgyry ge\u00e7iriler. Slowaki\u00fdany\u0148 Statistika gullugyny\u0148 maglumatlaryna g\u00f6r\u00e4, \u00fdurdu\u0148 da\u015fary sy\u00fdasat edarasyny\u0148 \u00f6\u0148ki ba\u015flygy Iwan Kor\u00e7ok, sesleri\u0148 42,51 g\u00f6terimi bilen birinji tapgyry\u0148 lideri boldy. Birinji tapgyrda i\u0148 \u00f6\u0148debaryjy hasaplan\u00fdan Slowaki\u00fdany\u0148 parlamentini\u0148 ba\u015flygy we dolandyryjy koalisi\u00fdany\u0148 d\u00fcz\u00fcmine gir\u00fd\u00e4n Slowaki\u00fdany\u0148 \u201cGlaz\u201d parti\u00fdasyny\u0148 dala\u015fg\u00e4ri Piter Pellegrini sa\u00fdlaw\u00e7ylary\u0148 37,02 g\u00f6terim goldawa e\u00fde boldy.<br \/>\nSa\u00fdlawlara gatna\u015fyk 51,5 g\u00f6terime de\u0148 boldy. Statistika gullugyny\u0148 maglumatlaryna g\u00f6r\u00e4, sa\u00fdlawlarda 4,33 milliondan gowrak adamy\u0148 ses berm\u00e4ge hukugy bolup, olar \u00fc\u00e7in \u00fc\u00e7in 5,9 m\u00fc\u0148 sa\u00fdlaw u\u00e7astogy a\u00e7yldy. Slowaki\u00fdany\u0148 Prezidenti b\u00e4\u015f \u00fdyl m\u00f6hlet bilen \u00e4hlumumy k\u00f6p\u00e7\u00fcligini\u0148 ses bermegi bilen sa\u00fdlan\u00fdar. Sa\u00fdlawlara 10 dala\u015fg\u00e4r gatna\u015fdy. Slowaki\u00fdany\u0148 taryhynda ilkinji zenan Prezident Zuzana \u00c7aputowa h\u00e4zirki sa\u00fdlawlara gatna\u015fmazlyk barada karara geldi. Ol 2019-njy \u00fdyldan b\u00e4ri bu wezip\u00e4ni e\u00fdel\u00e4p gel\u00fd\u00e4rdi. Slowaki\u00fdada prezidenti\u0148 wezipesi, adat\u00e7a, wekil\u00e7ilikli h\u00e4si\u00fdete e\u00fde bolup \u00fdurdy Prem\u00fder-ministr dolandyr\u00fdar. Ge\u00e7en \u00fdyly\u0148 30-nji sent\u00fdabrynda \u201cSosial demokrati\u00fda ugry\u201d parti\u00fdasyny\u0148 ba\u015flygy Roberto Fiso \u00fdurtda ge\u00e7irilen parlament sa\u00fdlawlarynda \u00fde\u0148i\u015f gazanyp, \u00fdurdu\u0148 Prem\u00fder-ministri wezipesine bellendi.<br \/>\nH\u00e4zirki sa\u00fdlawlar Slowaki\u00fda gara\u015fsyzlygyny alanyndan so\u0148 altynjy Prezident sa\u00fdlawlarydyr. Slowaki\u00fda Respublikasy &#8211; Merkezi \u00ddewropada \u00fderle\u015f\u00fd\u00e4n d\u00f6wlet bolup, ilaty 5 million 455 m\u00fc\u0148 adama de\u0148dir. Pa\u00fdtagty Bratislawa. \u00ddurt 1993-nji \u00fdyly\u0148 1-nji \u00fdanwarynda gara\u015fsyzlygyna e\u00fde boldy.<\/p>\n","protected":false},"excerpt":{"rendered":"<p>23-nji martda Slowaki\u00fdada ge\u00e7irilen Prezident sa\u00fdlawlaryny\u0148 birinji tapgyryna gatna\u015fanlary\u0148 hi\u00e7 biri-de 50 g\u00f6terimden gowrak ses alyp bilmedi. \u015eonu\u0148 \u00fc\u00e7in 6-njy aprelde \u00fdurtda sa\u00fdlawlary\u0148 ikinji tapgyry ge\u00e7iriler. Slowaki\u00fdany\u0148 Statistika gullugyny\u0148 maglumatlaryna g\u00f6r\u00e4, \u00fdurdu\u0148 da\u015fary sy\u00fdasat edarasyny\u0148 \u00f6\u0148ki ba\u015flygy Iwan Kor\u00e7ok, sesleri\u0148 42,51 g\u00f6terimi bilen birinji tapgyry\u0148 lideri boldy. Birinji tapgyrda i\u0148 \u00f6\u0148debaryjy hasaplan\u00fdan Slowaki\u00fdany\u0148 parlamentini\u0148 ba\u015flygy [&hellip;]<\/p>\n","protected":false},"author":2,"featured_media":103113,"comment_status":"open","ping_status":"closed","sticky":false,"template":"","format":"standard","meta":{"footnotes":""},"categories":[5],"tags":[],"acf":[],"_links":{"self":[{"href":"https:\/\/zamanturkmenistan.com.tm\/index.php?rest_route=\/wp\/v2\/posts\/103112"}],"collection":[{"href":"https:\/\/zamanturkmenistan.com.tm\/index.php?rest_route=\/wp\/v2\/posts"}],"about":[{"href":"https:\/\/zamanturkmenistan.com.tm\/index.php?rest_route=\/wp\/v2\/types\/post"}],"author":[{"embeddable":true,"href":"https:\/\/zamanturkmenistan.com.tm\/index.php?rest_route=\/wp\/v2\/users\/2"}],"replies":[{"embeddable":true,"href":"https:\/\/zamanturkmenistan.com.tm\/index.php?rest_route=%2Fwp%2Fv2%2Fcomments&post=103112"}],"version-history":[{"count":1,"href":"https:\/\/zamanturkmenistan.com.tm\/index.php?rest_route=\/wp\/v2\/posts\/103112\/revisions"}],"predecessor-version":[{"id":103114,"href":"https:\/\/zamanturkmenistan.com.tm\/index.php?rest_route=\/wp\/v2\/posts\/103112\/revisions\/103114"}],"wp:featuredmedia":[{"embeddable":true,"href":"https:\/\/zamanturkmenistan.com.tm\/index.php?rest_route=\/wp\/v2\/media\/103113"}],"wp:attachment":[{"href":"https:\/\/zamanturkmenistan.com.tm\/index.php?rest_route=%2Fwp%2Fv2%2Fmedia&parent=103112"}],"wp:term":[{"taxonomy":"category","embeddable":true,"href":"https:\/\/zamanturkmenistan.com.tm\/index.php?rest_route=%2Fwp%2Fv2%2Fcategories&post=103112"},{"taxonomy":"post_tag","embeddable":true,"href":"https:\/\/zamanturkmenistan.com.tm\/index.php?rest_route=%2Fwp%2Fv2%2Ftags&post=103112"}],"curies":[{"name":"wp","href":"https:\/\/api.w.org\/{rel}","templated":true}]}}