{"id":103119,"date":"2024-03-25T09:33:54","date_gmt":"2024-03-25T04:33:54","guid":{"rendered":"https:\/\/zamanturkmenistan.com.tm\/?p=103119"},"modified":"2024-03-25T09:33:54","modified_gmt":"2024-03-25T04:33:54","slug":"2025-nji-yyl-halkara-parahatcylyk-we-ynanysmak-yyly","status":"publish","type":"post","link":"https:\/\/zamanturkmenistan.com.tm\/?p=103119","title":{"rendered":"2025-nji \u00fdyl \u2014 Halkara parahat\u00e7ylyk we ynany\u015fmak \u00fdyly"},"content":{"rendered":"<p>23-nji martda ge\u00e7irilen sanly ulgam arkaly Ministrler Kabinetini\u0148 mejlisinde Ministrler Kabinetini\u0148 Ba\u015flygyny\u0148 orunbasary, da\u015fary i\u015fler ministri R.Meredowa BMG-ni\u0148 \u015ftab-kwartirasyndan ho\u015f habary\u0148 gelip gow\u015fandygyny a\u00fdtdy. Birle\u015fen Milletler Guramasyny\u0148 Ba\u015f Assamble\u00fdasyny\u0148 78-nji sessi\u00fdasyny\u0148 63-nji plenar mejlisinde T\u00fcrkmenistany\u0148 ba\u015flangyjy esasynda \u00ab2025-nji \u00fdyl \u2014 Halkara parahat\u00e7ylyk we ynany\u015fmak \u00fdyly\u00bb atly Kararnama biragyzdan kabul edildi. Bu resminama \u00fd\u00fcze \u00e7yk\u00fdan gapma-gar\u015fylyklary parahat\u00e7ylykly, sy\u00fdasy-diplomatik \u00fdollar we usullar arkaly kadala\u015fdyrmaga, d\u00f6wletleri\u0148 arasynda ynany\u015fykly gatna\u015fyklary pugtalandyrmaga \u00fdardam berm\u00e4ge g\u00f6n\u00fckdirilendir. \u015ee\u00fdle-de ol d\u00fcn\u00fd\u00e4de parahat\u00e7ylyk dialogy medeni\u00fdetini \u00f6sd\u00fcrmek \u00fc\u00e7in alnyp baryl\u00fdan i\u015fleri mundan be\u00fdl\u00e4k-de dowam etdirmegi\u0148 m\u00f6h\u00fcmdigini g\u00f6rkez\u00fd\u00e4r.<br \/>\nMinistrler Kabinetini\u0148 Ba\u015flygyny\u0148 orunbasary, da\u015fary i\u015fler ministri hormatly Prezidentimizi bu sy\u00fdasy \u00fcst\u00fcnlik bilen t\u00fc\u00fds \u00fd\u00fcrekden gutlap, d\u00f6wlet Ba\u015ftutanymyza i\u0148 gowy arzuwlaryny be\u00fdan etdi.<br \/>\nWise-prem\u00fder, DIM-ni\u0148 \u00fdolba\u015f\u00e7ysy BMG-ni\u0148 Ba\u015f Assamble\u00fdasyny\u0148 bu Kararnamany kabul etmegi bilen baglylykda, \u00fdurdumyzda we da\u015fary \u00fdurtlarda \u00e7\u00e4releri ge\u00e7irmek bo\u00fdun\u00e7a H\u00f6k\u00fcmet derejesind\u00e4ki degi\u015fli gurama\u00e7ylyk toparyny d\u00f6retmek we onu\u0148 mejlislerinde anyk meselelere seretmek, bu i\u015fleri halkara derejede ge\u00e7irmek maksady bilen, BMG-ni\u0148 Merkezi Azi\u00fda \u00fc\u00e7in \u00f6\u0148\u00fcni aly\u015f diplomati\u00fdasy bo\u00fdun\u00e7a sebit merkezini\u0148 \u00fdolba\u015f\u00e7ysyny\u0148, BMG-ni\u0148 T\u00fcrkmenistandaky hemi\u015felik utga\u015fdyryjysyny\u0148 gatna\u015fmagynda du\u015fu\u015fyklary ge\u00e7irmek baradaky teklipleri be\u00fdan etdi.<br \/>\nHormatly Prezidentimiz ho\u015f habary kanagatlanma bilen kabul edip, Ministrler Kabinetini\u0148 agzalaryna we \u00e4hli watanda\u015flarymyza \u00fd\u00fczlendi hem-de Birle\u015fen Milletler Guramasyny\u0148 Ba\u015f Assamble\u00fdasyny\u0148 78-nji sessi\u00fdasyny\u0148 63-nji plenar mejlisinde \u00ab2025-nji \u00fdyl \u2014 Halkara parahat\u00e7ylyk we ynany\u015fmak \u00fdyly\u00bb atly Kararnamany\u0148 biragyzdan kabul edilendigine \u00fcnsi \u00e7ekdi.<br \/>\nBMG-\u00e4 agza \u00fdurtlary\u0148 T\u00fcrkmenistany\u0148 bu ba\u015flangyjyny goldamagy, o\u0148a 86 \u00fdurdu\u0148 awtorda\u015f bolmagy bizi\u0148 \u00fc\u00e7in \u00f6r\u00e4n uly abra\u00fddyr di\u00fdip, d\u00f6wlet Ba\u015ftutanymyz nygtady. \u015eunu\u0148 bilen baglylykda, hormatly Prezidentimiz bu ba\u015flangyjy biragyzdan goldan \u00e4hli \u00fdurtlara t\u00fcrkmen halkyny\u0148 adyndan t\u00fc\u00fds \u00fd\u00fcrekden minnetdarlyk bildirdi. Bu resminamany\u0148 kabul edilmegi Watanymyzy\u0148 \u00e4hlumumy parahat\u00e7ylygy \u00fcpj\u00fcn etmek, d\u00f6wletleri\u0148 arasynda ynany\u015fmagy berkitmek, dost-doganlyk gatna\u015fyklaryny \u00f6sd\u00fcrmek ugrunda ed\u00fd\u00e4n ta\u00fdsyz tagallalaryny\u0148 b\u00fctin d\u00fcn\u00fd\u00e4de ykrar edil\u00fd\u00e4ndigini\u0148 a\u00fddy\u0148 subutnamasydyr di\u00fdip, d\u00f6wlet Ba\u015ftutanymyz belledi. Hormatly Prezidentimiz Serdar Berdimuhamedow bu ugurda alnyp baryl\u00fdan i\u015fleri\u0148 mundan be\u00fdl\u00e4k-de dowam etdiriljekdigini nygtap, mejlise gatna\u015fyjylary we \u00e4hli watanda\u015flarymyzy bu \u015fanly waka bilen t\u00fc\u00fds \u00fd\u00fcrekden gutlady.<br \/>\nD\u00f6wlet Ba\u015ftutanymyz Kararnamany amala a\u015fyrmak bo\u00fdun\u00e7a be\u00fdan edilen teklipleri makullap, wise-prem\u00fder, DIM-ni\u0148 \u00fdolba\u015f\u00e7ysyna degi\u015fli tab\u015fyryklary berdi.<\/p>\n","protected":false},"excerpt":{"rendered":"<p>23-nji martda ge\u00e7irilen sanly ulgam arkaly Ministrler Kabinetini\u0148 mejlisinde Ministrler Kabinetini\u0148 Ba\u015flygyny\u0148 orunbasary, da\u015fary i\u015fler ministri R.Meredowa BMG-ni\u0148 \u015ftab-kwartirasyndan ho\u015f habary\u0148 gelip gow\u015fandygyny a\u00fdtdy. Birle\u015fen Milletler Guramasyny\u0148 Ba\u015f Assamble\u00fdasyny\u0148 78-nji sessi\u00fdasyny\u0148 63-nji plenar mejlisinde T\u00fcrkmenistany\u0148 ba\u015flangyjy esasynda \u00ab2025-nji \u00fdyl \u2014 Halkara parahat\u00e7ylyk we ynany\u015fmak \u00fdyly\u00bb atly Kararnama biragyzdan kabul edildi. Bu resminama \u00fd\u00fcze \u00e7yk\u00fdan gapma-gar\u015fylyklary [&hellip;]<\/p>\n","protected":false},"author":2,"featured_media":64833,"comment_status":"open","ping_status":"closed","sticky":false,"template":"","format":"standard","meta":{"footnotes":""},"categories":[3],"tags":[],"acf":[],"_links":{"self":[{"href":"https:\/\/zamanturkmenistan.com.tm\/index.php?rest_route=\/wp\/v2\/posts\/103119"}],"collection":[{"href":"https:\/\/zamanturkmenistan.com.tm\/index.php?rest_route=\/wp\/v2\/posts"}],"about":[{"href":"https:\/\/zamanturkmenistan.com.tm\/index.php?rest_route=\/wp\/v2\/types\/post"}],"author":[{"embeddable":true,"href":"https:\/\/zamanturkmenistan.com.tm\/index.php?rest_route=\/wp\/v2\/users\/2"}],"replies":[{"embeddable":true,"href":"https:\/\/zamanturkmenistan.com.tm\/index.php?rest_route=%2Fwp%2Fv2%2Fcomments&post=103119"}],"version-history":[{"count":1,"href":"https:\/\/zamanturkmenistan.com.tm\/index.php?rest_route=\/wp\/v2\/posts\/103119\/revisions"}],"predecessor-version":[{"id":103120,"href":"https:\/\/zamanturkmenistan.com.tm\/index.php?rest_route=\/wp\/v2\/posts\/103119\/revisions\/103120"}],"wp:featuredmedia":[{"embeddable":true,"href":"https:\/\/zamanturkmenistan.com.tm\/index.php?rest_route=\/wp\/v2\/media\/64833"}],"wp:attachment":[{"href":"https:\/\/zamanturkmenistan.com.tm\/index.php?rest_route=%2Fwp%2Fv2%2Fmedia&parent=103119"}],"wp:term":[{"taxonomy":"category","embeddable":true,"href":"https:\/\/zamanturkmenistan.com.tm\/index.php?rest_route=%2Fwp%2Fv2%2Fcategories&post=103119"},{"taxonomy":"post_tag","embeddable":true,"href":"https:\/\/zamanturkmenistan.com.tm\/index.php?rest_route=%2Fwp%2Fv2%2Ftags&post=103119"}],"curies":[{"name":"wp","href":"https:\/\/api.w.org\/{rel}","templated":true}]}}