{"id":103246,"date":"2024-03-26T11:27:03","date_gmt":"2024-03-26T06:27:03","guid":{"rendered":"https:\/\/zamanturkmenistan.com.tm\/?p=103246"},"modified":"2024-03-26T11:27:03","modified_gmt":"2024-03-26T06:27:03","slug":"ucunji-gezek-dalasgarligini-yglan-etdi","status":"publish","type":"post","link":"https:\/\/zamanturkmenistan.com.tm\/?p=103246","title":{"rendered":"\u00dc\u00e7\u00fcnji gezek dala\u015fg\u00e4rligini yglan etdi"},"content":{"rendered":"<p>Wenesuelany\u0148 prezidenti Nikolas Maduro 28-nji i\u00fdulda ge\u00e7iriljek sa\u00fdlaw \u00fc\u00e7in dala\u015fg\u00e4r g\u00f6rkezildi. Wenesuelany\u0148 Birle\u015fen sosialist parti\u00fdasyny\u0148 (PSUV) agzalary Milli sa\u00fdlaw ge\u0148e\u015fine (CNE) Madurony\u0148 dala\u015fg\u00e4rligi \u00fc\u00e7in \u00fd\u00fcztutmany tab\u015fyrdylar.<br \/>\nD\u00f6wlet \u00fdolba\u015f\u00e7ysy dala\u015fg\u00e4r g\u00f6rkezilenden so\u0148ra \u00f6z\u00fcni golda\u00fdanlara minnetdarlyk bildirip, sa\u00fdlaw \u00fc\u00e7in h\u00e4zire \u00e7enli 35 parti\u00fdadan 10 dala\u015fg\u00e4ri\u0148 \u00fd\u00fcz tutandygyny belledi. \u00ddurdu\u0148 d\u00f6wlet tele\u00fda\u00fdlymy VTV-ni\u0148 habaryna g\u00f6r\u00e4, 14 sy\u00fdasy gurama Madurony\u0148 dala\u015fg\u00e4rligini golda\u00fdar.<br \/>\n61 \u00fda\u015fly Nikolas Maduro 2013-nji \u00fdyldan b\u00e4ri \u00fdurda \u00fdolba\u015f\u00e7ylyk ed\u00fd\u00e4r. Ol 28-nji i\u00fduldaky sa\u00fdlawda \u00fde\u0148i\u015f gazanan \u00fdagda\u00fdynda, Ugo \u00c7awesden hem k\u00f6p wagt bu wezip\u00e4ni \u00fderine \u00fdetirer. 2013-nji \u00fdylda aradan \u00e7ykan \u00c7awes 2022-2013-nji \u00fdyllar aralygynda 14 \u00fdylap \u00fdurda \u00fdolba\u015f\u00e7ylyk edipdi.<\/p>\n","protected":false},"excerpt":{"rendered":"<p>Wenesuelany\u0148 prezidenti Nikolas Maduro 28-nji i\u00fdulda ge\u00e7iriljek sa\u00fdlaw \u00fc\u00e7in dala\u015fg\u00e4r g\u00f6rkezildi. Wenesuelany\u0148 Birle\u015fen sosialist parti\u00fdasyny\u0148 (PSUV) agzalary Milli sa\u00fdlaw ge\u0148e\u015fine (CNE) Madurony\u0148 dala\u015fg\u00e4rligi \u00fc\u00e7in \u00fd\u00fcztutmany tab\u015fyrdylar. D\u00f6wlet \u00fdolba\u015f\u00e7ysy dala\u015fg\u00e4r g\u00f6rkezilenden so\u0148ra \u00f6z\u00fcni golda\u00fdanlara minnetdarlyk bildirip, sa\u00fdlaw \u00fc\u00e7in h\u00e4zire \u00e7enli 35 parti\u00fdadan 10 dala\u015fg\u00e4ri\u0148 \u00fd\u00fcz tutandygyny belledi. \u00ddurdu\u0148 d\u00f6wlet tele\u00fda\u00fdlymy VTV-ni\u0148 habaryna g\u00f6r\u00e4, 14 sy\u00fdasy gurama [&hellip;]<\/p>\n","protected":false},"author":2,"featured_media":103247,"comment_status":"open","ping_status":"closed","sticky":false,"template":"","format":"standard","meta":{"footnotes":""},"categories":[5],"tags":[],"acf":[],"_links":{"self":[{"href":"https:\/\/zamanturkmenistan.com.tm\/index.php?rest_route=\/wp\/v2\/posts\/103246"}],"collection":[{"href":"https:\/\/zamanturkmenistan.com.tm\/index.php?rest_route=\/wp\/v2\/posts"}],"about":[{"href":"https:\/\/zamanturkmenistan.com.tm\/index.php?rest_route=\/wp\/v2\/types\/post"}],"author":[{"embeddable":true,"href":"https:\/\/zamanturkmenistan.com.tm\/index.php?rest_route=\/wp\/v2\/users\/2"}],"replies":[{"embeddable":true,"href":"https:\/\/zamanturkmenistan.com.tm\/index.php?rest_route=%2Fwp%2Fv2%2Fcomments&post=103246"}],"version-history":[{"count":1,"href":"https:\/\/zamanturkmenistan.com.tm\/index.php?rest_route=\/wp\/v2\/posts\/103246\/revisions"}],"predecessor-version":[{"id":103248,"href":"https:\/\/zamanturkmenistan.com.tm\/index.php?rest_route=\/wp\/v2\/posts\/103246\/revisions\/103248"}],"wp:featuredmedia":[{"embeddable":true,"href":"https:\/\/zamanturkmenistan.com.tm\/index.php?rest_route=\/wp\/v2\/media\/103247"}],"wp:attachment":[{"href":"https:\/\/zamanturkmenistan.com.tm\/index.php?rest_route=%2Fwp%2Fv2%2Fmedia&parent=103246"}],"wp:term":[{"taxonomy":"category","embeddable":true,"href":"https:\/\/zamanturkmenistan.com.tm\/index.php?rest_route=%2Fwp%2Fv2%2Fcategories&post=103246"},{"taxonomy":"post_tag","embeddable":true,"href":"https:\/\/zamanturkmenistan.com.tm\/index.php?rest_route=%2Fwp%2Fv2%2Ftags&post=103246"}],"curies":[{"name":"wp","href":"https:\/\/api.w.org\/{rel}","templated":true}]}}