{"id":103381,"date":"2024-03-28T11:59:48","date_gmt":"2024-03-28T06:59:48","guid":{"rendered":"https:\/\/zamanturkmenistan.com.tm\/?p=103381"},"modified":"2024-03-28T12:45:22","modified_gmt":"2024-03-28T07:45:22","slug":"103381","status":"publish","type":"post","link":"https:\/\/zamanturkmenistan.com.tm\/?p=103381","title":{"rendered":"\u00c4newde t\u00e4ze metjit a\u00e7yldy"},"content":{"rendered":"<p>27-nji martda T\u00fcrkmenistany\u0148 Halk Maslahatyny\u0148 Ba\u015flygy Gurbanguly Berdimuhamedowy\u0148 gatna\u015fmagynda Ahal wela\u00fdatyny\u0148 Ak bugda\u00fd etrabynda t\u00e4ze metjidi\u0148 a\u00e7yly\u015f dabarasy boldy we bu \u00fderde mukaddes Oraza a\u00fdyny\u0148 dowam ed\u00fd\u00e4n g\u00fcnlerinde agza\u00e7ar sadakasy berildi.<br \/>\nT\u00e4ze metjidi\u0148 a\u00e7ylmagy mukaddes Oraza a\u00fdyny\u0148 dowam etmegi we \u00c4new \u015f\u00e4herini\u0148 2024-nji \u00fdylda t\u00fcrki d\u00fcn\u00fd\u00e4sini\u0148 medeni pa\u00fdtagty di\u00fdlip yglan edilmegi mynasybetli ge\u00e7iril\u00fd\u00e4n \u00e7\u00e4reler bilen utga\u015fmagyny\u0148 \u00e7u\u0148\u0148ur manysy bar.<br \/>\nMetjidi\u0148 da\u015fky g\u00f6rn\u00fc\u015finde bol\u015fy \u00fdaly, onu\u0148 i\u00e7ki timarla\u00fdy\u015f i\u015flerinde mermer, granit \u00fdaly gymmatbahaly seri\u015fdeler \u00fdokary derejede pe\u00fddalanylypdyr. Keramatly Gurhany\u0148 s\u00fcrelerini be\u00fdan ed\u00fd\u00e4n \u00fdazgylar metjidi\u0148 bezeginde a\u00fdratyn orun e\u00fdele\u00fd\u00e4r.<br \/>\nT\u00fcrkmenistany\u0148 m\u00fcft\u00fcsi nurana metjidi\u0148 halkymyza uzak wagtlap hyzmat etmegini we \u00fdag\u015fy dessurlary\u0148 dowamata atarylmagynda m\u00f6h\u00fcm \u00e4hmi\u00fdeti bolan asylly i\u015fleri\u0148 amala a\u015fyrylmagy ugrunda tagalla ed\u00fd\u00e4n t\u00fcrkmen halkyny\u0148 Milli Liderini\u0148 we hormatly Prezidentimizi\u0148 ynsanperwer ba\u015flangy\u00e7laryny\u0148 \u00fcst\u00fcnliklere beslenmegi \u00fc\u00e7in doga-dilegler etdi.<br \/>\nSo\u0148ra metjidi\u0148 sadaka beril\u00fd\u00e4n ja\u00fdynda agza\u00e7ar sadakasy berildi. T\u00fcrkmenistany\u0148 Prezidentini\u0148 d\u00f6wlet Ba\u015ftutany wezipesine ilkinji giri\u015fen g\u00fcnlerinde \u00c4new topragynda d\u00fc\u00fdb\u00fcni tutan metjidi d\u00f6wrebap derejede gurlupdyr.<br \/>\nT\u00fcrkmen halkyny\u0148 Milli Lideri sadaka gatna\u015f\u00fdanlardan bu metjide Se\u00fdit Jemaleddin metjidi h\u00f6km\u00fcnde atlandyrylmagyny n\u00e4hili g\u00f6r\u00fd\u00e4ndikleri bilen gyzyklandy. Agza\u00e7ar sadakasyna gatna\u015fan \u00fda\u015fulular bu teklibi t\u00fc\u00fds \u00fd\u00fcrekden goldadylar.<\/p>\n<p>&nbsp;<\/p>\n","protected":false},"excerpt":{"rendered":"<p>27-nji martda T\u00fcrkmenistany\u0148 Halk Maslahatyny\u0148 Ba\u015flygy Gurbanguly Berdimuhamedowy\u0148 gatna\u015fmagynda Ahal wela\u00fdatyny\u0148 Ak bugda\u00fd etrabynda t\u00e4ze metjidi\u0148 a\u00e7yly\u015f dabarasy boldy we bu \u00fderde mukaddes Oraza a\u00fdyny\u0148 dowam ed\u00fd\u00e4n g\u00fcnlerinde agza\u00e7ar sadakasy berildi. T\u00e4ze metjidi\u0148 a\u00e7ylmagy mukaddes Oraza a\u00fdyny\u0148 dowam etmegi we \u00c4new \u015f\u00e4herini\u0148 2024-nji \u00fdylda t\u00fcrki d\u00fcn\u00fd\u00e4sini\u0148 medeni pa\u00fdtagty di\u00fdlip yglan edilmegi mynasybetli ge\u00e7iril\u00fd\u00e4n \u00e7\u00e4reler bilen [&hellip;]<\/p>\n","protected":false},"author":2,"featured_media":103382,"comment_status":"open","ping_status":"closed","sticky":false,"template":"","format":"standard","meta":{"footnotes":""},"categories":[3],"tags":[],"acf":[],"_links":{"self":[{"href":"https:\/\/zamanturkmenistan.com.tm\/index.php?rest_route=\/wp\/v2\/posts\/103381"}],"collection":[{"href":"https:\/\/zamanturkmenistan.com.tm\/index.php?rest_route=\/wp\/v2\/posts"}],"about":[{"href":"https:\/\/zamanturkmenistan.com.tm\/index.php?rest_route=\/wp\/v2\/types\/post"}],"author":[{"embeddable":true,"href":"https:\/\/zamanturkmenistan.com.tm\/index.php?rest_route=\/wp\/v2\/users\/2"}],"replies":[{"embeddable":true,"href":"https:\/\/zamanturkmenistan.com.tm\/index.php?rest_route=%2Fwp%2Fv2%2Fcomments&post=103381"}],"version-history":[{"count":3,"href":"https:\/\/zamanturkmenistan.com.tm\/index.php?rest_route=\/wp\/v2\/posts\/103381\/revisions"}],"predecessor-version":[{"id":103395,"href":"https:\/\/zamanturkmenistan.com.tm\/index.php?rest_route=\/wp\/v2\/posts\/103381\/revisions\/103395"}],"wp:featuredmedia":[{"embeddable":true,"href":"https:\/\/zamanturkmenistan.com.tm\/index.php?rest_route=\/wp\/v2\/media\/103382"}],"wp:attachment":[{"href":"https:\/\/zamanturkmenistan.com.tm\/index.php?rest_route=%2Fwp%2Fv2%2Fmedia&parent=103381"}],"wp:term":[{"taxonomy":"category","embeddable":true,"href":"https:\/\/zamanturkmenistan.com.tm\/index.php?rest_route=%2Fwp%2Fv2%2Fcategories&post=103381"},{"taxonomy":"post_tag","embeddable":true,"href":"https:\/\/zamanturkmenistan.com.tm\/index.php?rest_route=%2Fwp%2Fv2%2Ftags&post=103381"}],"curies":[{"name":"wp","href":"https:\/\/api.w.org\/{rel}","templated":true}]}}