{"id":10343,"date":"2017-10-21T13:36:57","date_gmt":"2017-10-21T08:36:57","guid":{"rendered":"http:\/\/zamanturkmenistan.com\/?p=10343"},"modified":"2017-10-21T13:38:19","modified_gmt":"2017-10-21T08:38:19","slug":"ta%c2%adze-pre%c2%adzi%c2%addent-say%c2%adlan%c2%addy","status":"publish","type":"post","link":"https:\/\/zamanturkmenistan.com.tm\/?p=10343","title":{"rendered":"T\u00e4\u00adze Pre\u00adzi\u00addent sa\u00fd\u00adlan\u00addy"},"content":{"rendered":"<p>\u015eu \u00fdy\u00adly\u0148 15-nji okt\u00ad\u00fdab\u00adryn\u00adda Gyr\u00adgyz Res\u00adpub\u00adli\u00adka\u00adsyn\u00adda iri sy\u00ad\u00fda\u00adsy-jem\u00adgy\u00ad\u00fdet\u00ad\u00e7i\u00adlik wa\u00adka\u00adsy \u2013 Pre\u00adzi\u00addent sa\u00fd\u00adlaw\u00adla\u00adry ge\u00ad\u00e7i\u00adril\u00addi. \u015eol sa\u00fd\u00adlaw\u00adla\u00adry\u0148 ne\u00adti\u00adje\u00adsi bo\u00ad\u00fdun\u00ad\u00e7a So\u00adsi\u00adal-de\u00admok\u00adra\u00adtik par\u00adti\u00ad\u00fda\u00adsy\u00adny\u0148 da\u00adla\u015f\u00adg\u00e4\u00adri Soo\u00adron\u00adba\u00fd \u017deen\u00adbe\u00adkow ses\u00adle\u00adri\u0148 54,28 g\u00f6\u00adte\u00adri\u00admi\u00adni ga\u00adza\u00adnyp, pre\u00adzi\u00addent\u00adli\u00adge sa\u00fd\u00adlan\u00addy. Onu\u0148 esa\u00adsy b\u00e4s\u00adde\u00ad\u015fi Omur\u00adbek Ba\u00adba\u00adnow bol\u00adsa, ses\u00adle\u00adri\u0148 33,41 g\u00f6\u00adte\u00adri\u00admi\u00adni al\u00addy. Sa\u00fd\u00adlaw\u00adla\u00adra 11 da\u00adla\u015f\u00adg\u00e4r gat\u00adna\u015f\u00addy.<br \/>\nSoo\u00adron\u00adba\u00fd \u017deen\u00adbe\u00adkow so\u0148\u00adky \u00fdyl\u00adlar\u00adda gyr\u00adgyz sy\u00ad\u00fda\u00adsa\u00adty\u00adny\u0148 \u00f6\u0148e \u00e7y\u00adkaran esa\u00adsy sy\u00ad\u00fda\u00adsat\u00ad\u00e7y\u00adla\u00adry\u00adny\u0148 bi\u00adri bol\u00addy. 58 \u00fda\u00ad\u015fly \u017deen\u00adbe\u00adkow mun\u00addan ozal \u00fdur\u00addu\u0148 Prem\u00ad\u00fder-mi\u00adnist\u00adri we\u00adzi\u00adpe\u00adsi\u00adni \u00fderine \u00fdetir\u00fd\u00e4rdi.<\/p>\n<p>&nbsp;<\/p>\n","protected":false},"excerpt":{"rendered":"<p>\u015eu \u00fdy\u00adly\u0148 15-nji okt\u00ad\u00fdab\u00adryn\u00adda Gyr\u00adgyz Res\u00adpub\u00adli\u00adka\u00adsyn\u00adda iri sy\u00ad\u00fda\u00adsy-jem\u00adgy\u00ad\u00fdet\u00ad\u00e7i\u00adlik wa\u00adka\u00adsy \u2013 Pre\u00adzi\u00addent sa\u00fd\u00adlaw\u00adla\u00adry ge\u00ad\u00e7i\u00adril\u00addi. \u015eol sa\u00fd\u00adlaw\u00adla\u00adry\u0148 ne\u00adti\u00adje\u00adsi bo\u00ad\u00fdun\u00ad\u00e7a So\u00adsi\u00adal-de\u00admok\u00adra\u00adtik par\u00adti\u00ad\u00fda\u00adsy\u00adny\u0148 da\u00adla\u015f\u00adg\u00e4\u00adri Soo\u00adron\u00adba\u00fd \u017deen\u00adbe\u00adkow ses\u00adle\u00adri\u0148 54,28 g\u00f6\u00adte\u00adri\u00admi\u00adni ga\u00adza\u00adnyp, pre\u00adzi\u00addent\u00adli\u00adge sa\u00fd\u00adlan\u00addy. Onu\u0148 esa\u00adsy b\u00e4s\u00adde\u00ad\u015fi Omur\u00adbek Ba\u00adba\u00adnow bol\u00adsa, ses\u00adle\u00adri\u0148 33,41 g\u00f6\u00adte\u00adri\u00admi\u00adni al\u00addy. Sa\u00fd\u00adlaw\u00adla\u00adra 11 da\u00adla\u015f\u00adg\u00e4r gat\u00adna\u015f\u00addy. Soo\u00adron\u00adba\u00fd \u017deen\u00adbe\u00adkow so\u0148\u00adky \u00fdyl\u00adlar\u00adda gyr\u00adgyz sy\u00ad\u00fda\u00adsa\u00adty\u00adny\u0148 \u00f6\u0148e \u00e7y\u00adkaran esa\u00adsy sy\u00ad\u00fda\u00adsat\u00ad\u00e7y\u00adla\u00adry\u00adny\u0148 bi\u00adri bol\u00addy. 58 [&hellip;]<\/p>\n","protected":false},"author":1,"featured_media":10344,"comment_status":"open","ping_status":"closed","sticky":false,"template":"","format":"standard","meta":{"footnotes":""},"categories":[5],"tags":[],"acf":[],"_links":{"self":[{"href":"https:\/\/zamanturkmenistan.com.tm\/index.php?rest_route=\/wp\/v2\/posts\/10343"}],"collection":[{"href":"https:\/\/zamanturkmenistan.com.tm\/index.php?rest_route=\/wp\/v2\/posts"}],"about":[{"href":"https:\/\/zamanturkmenistan.com.tm\/index.php?rest_route=\/wp\/v2\/types\/post"}],"author":[{"embeddable":true,"href":"https:\/\/zamanturkmenistan.com.tm\/index.php?rest_route=\/wp\/v2\/users\/1"}],"replies":[{"embeddable":true,"href":"https:\/\/zamanturkmenistan.com.tm\/index.php?rest_route=%2Fwp%2Fv2%2Fcomments&post=10343"}],"version-history":[{"count":0,"href":"https:\/\/zamanturkmenistan.com.tm\/index.php?rest_route=\/wp\/v2\/posts\/10343\/revisions"}],"wp:featuredmedia":[{"embeddable":true,"href":"https:\/\/zamanturkmenistan.com.tm\/index.php?rest_route=\/wp\/v2\/media\/10344"}],"wp:attachment":[{"href":"https:\/\/zamanturkmenistan.com.tm\/index.php?rest_route=%2Fwp%2Fv2%2Fmedia&parent=10343"}],"wp:term":[{"taxonomy":"category","embeddable":true,"href":"https:\/\/zamanturkmenistan.com.tm\/index.php?rest_route=%2Fwp%2Fv2%2Fcategories&post=10343"},{"taxonomy":"post_tag","embeddable":true,"href":"https:\/\/zamanturkmenistan.com.tm\/index.php?rest_route=%2Fwp%2Fv2%2Ftags&post=10343"}],"curies":[{"name":"wp","href":"https:\/\/api.w.org\/{rel}","templated":true}]}}