{"id":103460,"date":"2024-03-29T09:00:52","date_gmt":"2024-03-29T04:00:52","guid":{"rendered":"https:\/\/zamanturkmenistan.com.tm\/?p=103460"},"modified":"2024-03-29T09:00:52","modified_gmt":"2024-03-29T04:00:52","slug":"yaponiyada-hususy-telekecilerin-gatnasmagynda-turkmen-yapon-isewurlik-forumy-gecirildi","status":"publish","type":"post","link":"https:\/\/zamanturkmenistan.com.tm\/?p=103460","title":{"rendered":"\u00ddaponi\u00fdada hususy teleke\u00e7ileri\u0148 gatna\u015fmagynda t\u00fcrkmen-\u00fdapon i\u015few\u00fcrlik forumy ge\u00e7irildi"},"content":{"rendered":"<p>27-nji martda \u00ddaponi\u00fdany\u0148 Tokio \u015f\u00e4herinde \u00ddaponi\u00fdany\u0148 Da\u015fary s\u00f6wdany \u00f6sd\u00fcrmek bo\u00fdun\u00e7a guramasyny\u0148 (JETRO) i\u015fje\u0148 goldamagynda gurnalan T\u00fcrkmenistan bilen \u00ddaponi\u00fdany\u0148 bilelikd\u00e4ki iri i\u015few\u00fcrlik forumy ge\u00e7irildi.<br \/>\nForumy\u0148 a\u00e7yly\u015f dabarasynda \u00ddaponi\u00fdany\u0148 JETRO guramasyny\u0148 ba\u015flygy we \u00fderine \u00fdetiriji direktory Norihiko I\u015figuro we T\u00fcrkmenistany\u0148 S\u00f6wda we da\u015fary ykdysady aragatna\u015fyklar ministri Begen\u00e7 Go\u00e7molla\u00fdew \u00e7yky\u015f etdiler.<br \/>\n\u00c7yky\u015flarda mundan be\u00fdl\u00e4k hem hyzmatda\u015flygy \u00f6sd\u00fcrm\u00e4ge bolan ta\u00fd\u00fdarlyklar bellenilip, ikitarapla\u00fdyn ykdysady m\u00fcmkin\u00e7ilikleri\u0148 \u00e4hmi\u00fdeti nygtaldy. Mundan ba\u015fga-da, \u00fdurtlary\u0148 arasynda s\u00f6wda-ykdysady hyzmatda\u015flygy \u00f6sd\u00fcrmek maksady bilen, \u00ddaponi\u00fdada T\u00fcrkmenistany\u0148 s\u00f6wda \u00f6\u00fd\u00fcni we T\u00fcrkmenistanda \u00ddaponi\u00fdany\u0148 Da\u015fary s\u00f6wdany \u00f6sd\u00fcrmek bo\u00fdun\u00e7a guramasyny\u0148 wekilligini a\u00e7mak zerurlygy hem bellenildi.<br \/>\nSo\u0148ra forum \u00fc\u00e7 b\u00f6l\u00fcmde dowam etdirildi. Forumy\u0148 birinji b\u00f6l\u00fcmi ma\u00fda go\u00fdum, ulag we logistika ugurlary bo\u00fdun\u00e7a T\u00fcrkmenistan bilen \u00ddaponi\u00fdany\u0148 arasyndaky hyzmatda\u015flygy \u00f6sd\u00fcrmek meselesine bagy\u015flandy. Forumy\u0148 ikinji b\u00f6l\u00fcminde hususy pudakda hyzmatda\u015flygy \u00f6sd\u00fcrmegi\u0148 meseleleri ara alnyp maslahatla\u015fyldy. \u00dc\u00e7\u00fcnji b\u00f6l\u00fcmde \u00ddaponi\u00fdany\u0148 Osaka \u015f\u00e4herinde indiki \u00fdyl ge\u00e7iriljek \u201cEKSPO-2025\u201d B\u00fctind\u00fcn\u00fd\u00e4 sergisinde T\u00fcrkmenistany\u0148 pawil\u00fdonyny\u0148 tany\u015fdyry\u015f dabarasyndan ybarat boldy.<br \/>\nForumy\u0148 \u00e7\u00e4klerinde T\u00fcrkmenistany\u0148 S\u00f6wda we da\u015fary ykdysady aragatna\u015fyklar ministrini\u0148 birn\u00e4\u00e7e ikitarapla\u00fdyn du\u015fu\u015fyklary, \u00fdagny, \u00ddaponi\u00fdany\u0148 Da\u015fary s\u00f6wdany \u00f6sd\u00fcrmek bo\u00fdun\u00e7a guramasy, \u00ddaponi\u00fdany\u0148 Ykdysady\u00fdet, s\u00f6wda we senagat ministrligi, B\u00fctind\u00fcn\u00fd\u00e4 sergi bo\u00fdun\u00e7a \u00fdapon bilele\u015figi, \u00ddaponi\u00fdany\u0148 eksport we ma\u00fda go\u00fdum \u00e4ti\u00fda\u00e7landyry\u015f agentligi, Russi\u00fda-\u00ddewrazi\u00fda ylmy-barlag instituty, \u00ddaponi\u00fdany\u0148 Halkara hyzmatda\u015flyk agentligi, \u00ddaponi\u00fdany\u0148 Halkara hyzmatda\u015flyk banky hem-de \u201cING\u201d, \u201cDeutsche\u201d, \u201cSMBC\u201d \u00fdaly banklary\u0148 \u00fdolba\u015f\u00e7ylary hem-de wekilleri bilen ikitarapla\u00fdyn du\u015fu\u015fyklar ge\u00e7irildi.<br \/>\nBu du\u015fu\u015fyklar d\u00fcrli ugurlar bo\u00fdun\u00e7a hyzmatda\u015flygy berkitmek we \u00f6sd\u00fcrmek, \u015fe\u00fdle-de, i\u015few\u00fcrlik we ma\u00fda go\u00fdumlar \u00fc\u00e7in o\u0148yn \u015fertleri d\u00f6retmek \u00fdaly meselelerine g]n\u00fckdirildi.<br \/>\nI\u015few\u00fcrlik forumyny\u0148 \u00e7\u00e4klerinde T\u00fcrkmenistany\u0148 S\u00f6wda we da\u015fary ykdysady aragatna\u015fyklar ministrligi bilen \u00ddaponi\u00fdany\u0148 Da\u015fary s\u00f6wdany \u00f6sd\u00fcrmek bo\u00fdun\u00e7a guramasyny\u0148 arasynda \u00d6zara hyzmatda\u015flyk hakynda \u00c4htnama gol \u00e7ekildi. Munu\u0148 \u00f6zi iki \u00fdurdu\u0148 arasyndaky ykdysady gatna\u015fyklary berkitmek we \u00f6sd\u00fcrmek ugrunda m\u00f6h\u00fcm \u00e4dimleri\u0148 biri bolup dur\u00fdar.<\/p>\n","protected":false},"excerpt":{"rendered":"<p>27-nji martda \u00ddaponi\u00fdany\u0148 Tokio \u015f\u00e4herinde \u00ddaponi\u00fdany\u0148 Da\u015fary s\u00f6wdany \u00f6sd\u00fcrmek bo\u00fdun\u00e7a guramasyny\u0148 (JETRO) i\u015fje\u0148 goldamagynda gurnalan T\u00fcrkmenistan bilen \u00ddaponi\u00fdany\u0148 bilelikd\u00e4ki iri i\u015few\u00fcrlik forumy ge\u00e7irildi. Forumy\u0148 a\u00e7yly\u015f dabarasynda \u00ddaponi\u00fdany\u0148 JETRO guramasyny\u0148 ba\u015flygy we \u00fderine \u00fdetiriji direktory Norihiko I\u015figuro we T\u00fcrkmenistany\u0148 S\u00f6wda we da\u015fary ykdysady aragatna\u015fyklar ministri Begen\u00e7 Go\u00e7molla\u00fdew \u00e7yky\u015f etdiler. \u00c7yky\u015flarda mundan be\u00fdl\u00e4k hem hyzmatda\u015flygy \u00f6sd\u00fcrm\u00e4ge bolan [&hellip;]<\/p>\n","protected":false},"author":2,"featured_media":103461,"comment_status":"open","ping_status":"closed","sticky":false,"template":"","format":"standard","meta":{"footnotes":""},"categories":[3],"tags":[],"_links":{"self":[{"href":"https:\/\/zamanturkmenistan.com.tm\/index.php?rest_route=\/wp\/v2\/posts\/103460"}],"collection":[{"href":"https:\/\/zamanturkmenistan.com.tm\/index.php?rest_route=\/wp\/v2\/posts"}],"about":[{"href":"https:\/\/zamanturkmenistan.com.tm\/index.php?rest_route=\/wp\/v2\/types\/post"}],"author":[{"embeddable":true,"href":"https:\/\/zamanturkmenistan.com.tm\/index.php?rest_route=\/wp\/v2\/users\/2"}],"replies":[{"embeddable":true,"href":"https:\/\/zamanturkmenistan.com.tm\/index.php?rest_route=%2Fwp%2Fv2%2Fcomments&post=103460"}],"version-history":[{"count":1,"href":"https:\/\/zamanturkmenistan.com.tm\/index.php?rest_route=\/wp\/v2\/posts\/103460\/revisions"}],"predecessor-version":[{"id":103462,"href":"https:\/\/zamanturkmenistan.com.tm\/index.php?rest_route=\/wp\/v2\/posts\/103460\/revisions\/103462"}],"wp:featuredmedia":[{"embeddable":true,"href":"https:\/\/zamanturkmenistan.com.tm\/index.php?rest_route=\/wp\/v2\/media\/103461"}],"wp:attachment":[{"href":"https:\/\/zamanturkmenistan.com.tm\/index.php?rest_route=%2Fwp%2Fv2%2Fmedia&parent=103460"}],"wp:term":[{"taxonomy":"category","embeddable":true,"href":"https:\/\/zamanturkmenistan.com.tm\/index.php?rest_route=%2Fwp%2Fv2%2Fcategories&post=103460"},{"taxonomy":"post_tag","embeddable":true,"href":"https:\/\/zamanturkmenistan.com.tm\/index.php?rest_route=%2Fwp%2Fv2%2Ftags&post=103460"}],"curies":[{"name":"wp","href":"https:\/\/api.w.org\/{rel}","templated":true}]}}