{"id":103478,"date":"2024-03-29T11:10:04","date_gmt":"2024-03-29T06:10:04","guid":{"rendered":"https:\/\/zamanturkmenistan.com.tm\/?p=103478"},"modified":"2024-03-29T11:10:04","modified_gmt":"2024-03-29T06:10:04","slug":"turkmenistanyn-bilim-ministrligi-turkmenistanyn-rayatlarynyn-dykgatyna-yetiryar","status":"publish","type":"post","link":"https:\/\/zamanturkmenistan.com.tm\/?p=103478","title":{"rendered":"T\u00fcrkmenistany\u0148 Bilim ministrligi T\u00fcrkmenistany\u0148 ra\u00fdatlaryny\u0148 dykgatyna \u00fdetir\u00fd\u00e4r"},"content":{"rendered":"<p>T\u00fcrkmenistany\u0148 Bilim ministrligi \u00fdurdu\u0148 ra\u00fdatlaryna <strong>\u00abDa\u015fary \u00fdurt d\u00f6wletlerinde berlen \u00fdokary we orta h\u00fcn\u00e4r bilimi hakyndaky resminamalary T\u00fcrkmenistanda ykrar etmegi\u0148 Tertibine\u00bb<\/strong> degi\u015fli \u00fc\u00fdtgetmeleri\u0148 we go\u015fma\u00e7alary\u0148 <strong>girizilm\u00e4ndigini<\/strong> habar ber\u00fd\u00e4r.<br \/>\nBu resminama T\u00fcrkmenistany\u0148 Prezidentini\u0148 2019-njy \u00fdyly\u0148 16-njy martynda \u00e7ykaran 1176-njy karary bilen tassyklanandyr.<br \/>\n\u015ee\u00fdle hem <strong>Da\u015fary \u00fdurt d\u00f6wletlerinde berlen \u00fdokary we orta h\u00fcn\u00e4r bilimi hakyndaky resminamalary T\u00fcrkmenistanda ykrar etmegi\u0148 Tertibini ulanmak bo\u00fdun\u00e7a G\u00f6z\u00fckdirij\u00e4 hem degi\u015fli \u00fc\u00fdtgetmeler we go\u015fma\u00e7alar girizilmedi.<\/strong><br \/>\nG\u00f6z\u00fckdiriji T\u00fcrkmenistany\u0148 Bilim ministrini\u0148 2019-njy \u00fdyly\u0148 29-njy martynda \u00e7ykaran 80-nji bu\u00fdrugy bilen tassyklandy we T\u00fcrkmenistany\u0148 Adalat ministrligi tarapyndan 2019-njy \u00fdyly\u0148 13-nji aprelinde 1212 san bilen d\u00f6wlet belligine alyndy.<\/p>\n","protected":false},"excerpt":{"rendered":"<p>T\u00fcrkmenistany\u0148 Bilim ministrligi \u00fdurdu\u0148 ra\u00fdatlaryna \u00abDa\u015fary \u00fdurt d\u00f6wletlerinde berlen \u00fdokary we orta h\u00fcn\u00e4r bilimi hakyndaky resminamalary T\u00fcrkmenistanda ykrar etmegi\u0148 Tertibine\u00bb degi\u015fli \u00fc\u00fdtgetmeleri\u0148 we go\u015fma\u00e7alary\u0148 girizilm\u00e4ndigini habar ber\u00fd\u00e4r. Bu resminama T\u00fcrkmenistany\u0148 Prezidentini\u0148 2019-njy \u00fdyly\u0148 16-njy martynda \u00e7ykaran 1176-njy karary bilen tassyklanandyr. \u015ee\u00fdle hem Da\u015fary \u00fdurt d\u00f6wletlerinde berlen \u00fdokary we orta h\u00fcn\u00e4r bilimi hakyndaky resminamalary T\u00fcrkmenistanda ykrar [&hellip;]<\/p>\n","protected":false},"author":2,"featured_media":75459,"comment_status":"open","ping_status":"closed","sticky":false,"template":"","format":"standard","meta":{"footnotes":""},"categories":[8273],"tags":[],"acf":[],"_links":{"self":[{"href":"https:\/\/zamanturkmenistan.com.tm\/index.php?rest_route=\/wp\/v2\/posts\/103478"}],"collection":[{"href":"https:\/\/zamanturkmenistan.com.tm\/index.php?rest_route=\/wp\/v2\/posts"}],"about":[{"href":"https:\/\/zamanturkmenistan.com.tm\/index.php?rest_route=\/wp\/v2\/types\/post"}],"author":[{"embeddable":true,"href":"https:\/\/zamanturkmenistan.com.tm\/index.php?rest_route=\/wp\/v2\/users\/2"}],"replies":[{"embeddable":true,"href":"https:\/\/zamanturkmenistan.com.tm\/index.php?rest_route=%2Fwp%2Fv2%2Fcomments&post=103478"}],"version-history":[{"count":1,"href":"https:\/\/zamanturkmenistan.com.tm\/index.php?rest_route=\/wp\/v2\/posts\/103478\/revisions"}],"predecessor-version":[{"id":103479,"href":"https:\/\/zamanturkmenistan.com.tm\/index.php?rest_route=\/wp\/v2\/posts\/103478\/revisions\/103479"}],"wp:featuredmedia":[{"embeddable":true,"href":"https:\/\/zamanturkmenistan.com.tm\/index.php?rest_route=\/wp\/v2\/media\/75459"}],"wp:attachment":[{"href":"https:\/\/zamanturkmenistan.com.tm\/index.php?rest_route=%2Fwp%2Fv2%2Fmedia&parent=103478"}],"wp:term":[{"taxonomy":"category","embeddable":true,"href":"https:\/\/zamanturkmenistan.com.tm\/index.php?rest_route=%2Fwp%2Fv2%2Fcategories&post=103478"},{"taxonomy":"post_tag","embeddable":true,"href":"https:\/\/zamanturkmenistan.com.tm\/index.php?rest_route=%2Fwp%2Fv2%2Ftags&post=103478"}],"curies":[{"name":"wp","href":"https:\/\/api.w.org\/{rel}","templated":true}]}}