{"id":103749,"date":"2024-04-02T10:52:14","date_gmt":"2024-04-02T05:52:14","guid":{"rendered":"https:\/\/zamanturkmenistan.com.tm\/?p=103749"},"modified":"2024-04-02T15:25:56","modified_gmt":"2024-04-02T10:25:56","slug":"bethowenin-meshur-eserinin-primyerasy","status":"publish","type":"post","link":"https:\/\/zamanturkmenistan.com.tm\/?p=103749","title":{"rendered":"Bethoweni\u0148 me\u015fhur eserini\u0148 prem\u00fderasy"},"content":{"rendered":"<p>1800-nji \u00fdyly\u0148 2-nji aprelinde Wenadaky \u201cBurgteatr\u201d teatrynda L\u00fdudwid wan Bethoweni\u0148 me\u015fhur eseri \u201c1-nji Simfoni\u00fda\u201d Paul Wraniski\u00fd tarapyndan ilkinji gezek toma\u015fa\u00e7ylara \u00fdetir\u00fd\u00e4r. Awstri\u00fdaly diplomat, kitaphana\u00e7y Gotfrid wan Switene bagy\u015flanyp \u00fdazylan eser \u015fol \u00fdyl Lepsigde \u00fderine \u00fdetiril\u00fd\u00e4r. Bu eser 1801-nji \u00fdylda \u015fol \u015f\u00e4herde \u00e7ap edil\u00fd\u00e4r.<\/p>\n","protected":false},"excerpt":{"rendered":"<p>1800-nji \u00fdyly\u0148 2-nji aprelinde Wenadaky \u201cBurgteatr\u201d teatrynda L\u00fdudwid wan Bethoweni\u0148 me\u015fhur eseri \u201c1-nji Simfoni\u00fda\u201d Paul Wraniski\u00fd tarapyndan ilkinji gezek toma\u015fa\u00e7ylara \u00fdetir\u00fd\u00e4r. Awstri\u00fdaly diplomat, kitaphana\u00e7y Gotfrid wan Switene bagy\u015flanyp \u00fdazylan eser \u015fol \u00fdyl Lepsigde \u00fderine \u00fdetiril\u00fd\u00e4r. Bu eser 1801-nji \u00fdylda \u015fol \u015f\u00e4herde \u00e7ap edil\u00fd\u00e4r.<\/p>\n","protected":false},"author":2,"featured_media":103750,"comment_status":"open","ping_status":"closed","sticky":false,"template":"","format":"standard","meta":{"footnotes":""},"categories":[402],"tags":[],"acf":[],"_links":{"self":[{"href":"https:\/\/zamanturkmenistan.com.tm\/index.php?rest_route=\/wp\/v2\/posts\/103749"}],"collection":[{"href":"https:\/\/zamanturkmenistan.com.tm\/index.php?rest_route=\/wp\/v2\/posts"}],"about":[{"href":"https:\/\/zamanturkmenistan.com.tm\/index.php?rest_route=\/wp\/v2\/types\/post"}],"author":[{"embeddable":true,"href":"https:\/\/zamanturkmenistan.com.tm\/index.php?rest_route=\/wp\/v2\/users\/2"}],"replies":[{"embeddable":true,"href":"https:\/\/zamanturkmenistan.com.tm\/index.php?rest_route=%2Fwp%2Fv2%2Fcomments&post=103749"}],"version-history":[{"count":2,"href":"https:\/\/zamanturkmenistan.com.tm\/index.php?rest_route=\/wp\/v2\/posts\/103749\/revisions"}],"predecessor-version":[{"id":103780,"href":"https:\/\/zamanturkmenistan.com.tm\/index.php?rest_route=\/wp\/v2\/posts\/103749\/revisions\/103780"}],"wp:featuredmedia":[{"embeddable":true,"href":"https:\/\/zamanturkmenistan.com.tm\/index.php?rest_route=\/wp\/v2\/media\/103750"}],"wp:attachment":[{"href":"https:\/\/zamanturkmenistan.com.tm\/index.php?rest_route=%2Fwp%2Fv2%2Fmedia&parent=103749"}],"wp:term":[{"taxonomy":"category","embeddable":true,"href":"https:\/\/zamanturkmenistan.com.tm\/index.php?rest_route=%2Fwp%2Fv2%2Fcategories&post=103749"},{"taxonomy":"post_tag","embeddable":true,"href":"https:\/\/zamanturkmenistan.com.tm\/index.php?rest_route=%2Fwp%2Fv2%2Ftags&post=103749"}],"curies":[{"name":"wp","href":"https:\/\/api.w.org\/{rel}","templated":true}]}}