{"id":103773,"date":"2024-04-05T07:30:30","date_gmt":"2024-04-05T02:30:30","guid":{"rendered":"https:\/\/zamanturkmenistan.com.tm\/?p=103773"},"modified":"2024-04-05T12:38:59","modified_gmt":"2024-04-05T07:38:59","slug":"pasha-adasyny-acylyar","status":"publish","type":"post","link":"https:\/\/zamanturkmenistan.com.tm\/pasha-adasyny-acylyar\/","title":{"rendered":"Pas\u00adha ada\u00adsy a\u00e7\u00adyl\u00fdar"},"content":{"rendered":"<p>1722-nji \u00fdy\u00adly\u0148 5-nji ap\u00adre\u00adlin\u00adde ni\u00adder\u00adland\u00adly ad\u00admi\u00adral Je\u00fd\u00adkob Rog\u00adge\u00adwe\u00adni\u0148 \u00fdol\u00adba\u015f\u00ad\u00e7y\u00adly\u00adgyn\u00adda\u00adky eks\u00adpe\u00addi\u00adsi\u00ad\u00fda Pas\u00adha ada\u00adsy\u00adny a\u00e7\u00ad\u00fdar. Bu ada\u00adda\u00adky \u201cMoai\u201d at\u00adly 20 met\u00adre \u00e7en\u00adli be\u00ad\u00fdik\u00adlik\u00add\u00e4\u00adki \u00e4pet da\u015f he\u00fd\u00adkel\u00adler to\u00adpa\u00adry\u0148 ag\u00adza\u00adla\u00adry\u00adny ge\u0148 gal\u00addyr\u00ad\u00fdar. H\u00e4\u00adzir\u00adki wagt\u00adda \u00c7i\u00adli\u00adni\u0148 Pas\u00adha ada\u00adsyn\u00adda\u00adky \u201cMoai\u201d he\u00fd\u00adkel\u00adle\u00adri ja\u00adhan\u00adke\u015f\u00adde\u00adle\u00adri\u0148 i\u0148 ge\u00adlim-gi\u00addim\u00adli \u00fder\u00adle\u00adri\u00adni\u0148 bi\u00adri\u00adne \u00f6w\u00adr\u00fcl\u00addi.<\/p>\n","protected":false},"excerpt":{"rendered":"<p>1722-nji \u00fdy\u00adly\u0148 5-nji ap\u00adre\u00adlin\u00adde ni\u00adder\u00adland\u00adly ad\u00admi\u00adral Je\u00fd\u00adkob Rog\u00adge\u00adwe\u00adni\u0148 \u00fdol\u00adba\u015f\u00ad\u00e7y\u00adly\u00adgyn\u00adda\u00adky eks\u00adpe\u00addi\u00adsi\u00ad\u00fda Pas\u00adha ada\u00adsy\u00adny a\u00e7\u00ad\u00fdar. Bu ada\u00adda\u00adky \u201cMoai\u201d at\u00adly 20 met\u00adre \u00e7en\u00adli be\u00ad\u00fdik\u00adlik\u00add\u00e4\u00adki \u00e4pet da\u015f he\u00fd\u00adkel\u00adler to\u00adpa\u00adry\u0148 ag\u00adza\u00adla\u00adry\u00adny ge\u0148 gal\u00addyr\u00ad\u00fdar. H\u00e4\u00adzir\u00adki wagt\u00adda \u00c7i\u00adli\u00adni\u0148 Pas\u00adha ada\u00adsyn\u00adda\u00adky \u201cMoai\u201d he\u00fd\u00adkel\u00adle\u00adri ja\u00adhan\u00adke\u015f\u00adde\u00adle\u00adri\u0148 i\u0148 ge\u00adlim-gi\u00addim\u00adli \u00fder\u00adle\u00adri\u00adni\u0148 bi\u00adri\u00adne \u00f6w\u00adr\u00fcl\u00addi.<\/p>\n","protected":false},"author":2,"featured_media":103774,"comment_status":"open","ping_status":"closed","sticky":false,"template":"","format":"standard","meta":{"footnotes":""},"categories":[402],"tags":[],"class_list":["post-103773","post","type-post","status-publish","format-standard","has-post-thumbnail","hentry","category-taryhda-bu-gun","format-default"],"_links":{"self":[{"href":"https:\/\/zamanturkmenistan.com.tm\/wp-json\/wp\/v2\/posts\/103773","targetHints":{"allow":["GET"]}}],"collection":[{"href":"https:\/\/zamanturkmenistan.com.tm\/wp-json\/wp\/v2\/posts"}],"about":[{"href":"https:\/\/zamanturkmenistan.com.tm\/wp-json\/wp\/v2\/types\/post"}],"author":[{"embeddable":true,"href":"https:\/\/zamanturkmenistan.com.tm\/wp-json\/wp\/v2\/users\/2"}],"replies":[{"embeddable":true,"href":"https:\/\/zamanturkmenistan.com.tm\/wp-json\/wp\/v2\/comments?post=103773"}],"version-history":[{"count":2,"href":"https:\/\/zamanturkmenistan.com.tm\/wp-json\/wp\/v2\/posts\/103773\/revisions"}],"predecessor-version":[{"id":104075,"href":"https:\/\/zamanturkmenistan.com.tm\/wp-json\/wp\/v2\/posts\/103773\/revisions\/104075"}],"wp:featuredmedia":[{"embeddable":true,"href":"https:\/\/zamanturkmenistan.com.tm\/wp-json\/wp\/v2\/media\/103774"}],"wp:attachment":[{"href":"https:\/\/zamanturkmenistan.com.tm\/wp-json\/wp\/v2\/media?parent=103773"}],"wp:term":[{"taxonomy":"category","embeddable":true,"href":"https:\/\/zamanturkmenistan.com.tm\/wp-json\/wp\/v2\/categories?post=103773"},{"taxonomy":"post_tag","embeddable":true,"href":"https:\/\/zamanturkmenistan.com.tm\/wp-json\/wp\/v2\/tags?post=103773"}],"curies":[{"name":"wp","href":"https:\/\/api.w.org\/{rel}","templated":true}]}}