{"id":103794,"date":"2024-04-02T17:08:14","date_gmt":"2024-04-02T12:08:14","guid":{"rendered":"https:\/\/zamanturkmenistan.com.tm\/?p=103794"},"modified":"2024-04-02T17:08:14","modified_gmt":"2024-04-02T12:08:14","slug":"in-uly-yarym-ay-heykeli","status":"publish","type":"post","link":"https:\/\/zamanturkmenistan.com.tm\/?p=103794","title":{"rendered":"I\u0148 uly \u00fdarym A\u00fd he\u00fdkeli"},"content":{"rendered":"<p>Kuwe\u00fdti\u0148 Ahmadi gubernatorlygynda (muhafaza) d\u00fcn\u00fd\u00e4ni\u0148 i\u0148 uly \u00fdagtylandyrylan \u00fdarym A\u00fdy\u0148 he\u00fdkeli a\u00e7yldy. \u201cAl-Kout\u201d s\u00f6wda merkezini\u0148 \u00fdanyndaky he\u00fdkeli\u0148 ululygy 15 metre \u00fdet\u00fd\u00e4r. Rekord Ginnesi\u0148 B\u00fctind\u00fcn\u00fd\u00e4 rekordlar kitabyny\u0148 wekilleri tarapyndan tassyklandy. Polatdan \u00fdasalan we g\u00fcndogar \u00e4\u0148e\u0148ind\u00e4ki nagy\u015flar bilen ha\u015famlanan he\u00fdkel \u015f\u00e4heri\u0148 de\u0148iz kenaryndaky i\u0148 gelim-gidimli \u00fderlerini\u0148 birinde \u00fderle\u015f\u00fd\u00e4r.<\/p>\n","protected":false},"excerpt":{"rendered":"<p>Kuwe\u00fdti\u0148 Ahmadi gubernatorlygynda (muhafaza) d\u00fcn\u00fd\u00e4ni\u0148 i\u0148 uly \u00fdagtylandyrylan \u00fdarym A\u00fdy\u0148 he\u00fdkeli a\u00e7yldy. \u201cAl-Kout\u201d s\u00f6wda merkezini\u0148 \u00fdanyndaky he\u00fdkeli\u0148 ululygy 15 metre \u00fdet\u00fd\u00e4r. Rekord Ginnesi\u0148 B\u00fctind\u00fcn\u00fd\u00e4 rekordlar kitabyny\u0148 wekilleri tarapyndan tassyklandy. Polatdan \u00fdasalan we g\u00fcndogar \u00e4\u0148e\u0148ind\u00e4ki nagy\u015flar bilen ha\u015famlanan he\u00fdkel \u015f\u00e4heri\u0148 de\u0148iz kenaryndaky i\u0148 gelim-gidimli \u00fderlerini\u0148 birinde \u00fderle\u015f\u00fd\u00e4r.<\/p>\n","protected":false},"author":2,"featured_media":103795,"comment_status":"open","ping_status":"closed","sticky":false,"template":"","format":"standard","meta":{"footnotes":""},"categories":[5],"tags":[],"acf":[],"_links":{"self":[{"href":"https:\/\/zamanturkmenistan.com.tm\/index.php?rest_route=\/wp\/v2\/posts\/103794"}],"collection":[{"href":"https:\/\/zamanturkmenistan.com.tm\/index.php?rest_route=\/wp\/v2\/posts"}],"about":[{"href":"https:\/\/zamanturkmenistan.com.tm\/index.php?rest_route=\/wp\/v2\/types\/post"}],"author":[{"embeddable":true,"href":"https:\/\/zamanturkmenistan.com.tm\/index.php?rest_route=\/wp\/v2\/users\/2"}],"replies":[{"embeddable":true,"href":"https:\/\/zamanturkmenistan.com.tm\/index.php?rest_route=%2Fwp%2Fv2%2Fcomments&post=103794"}],"version-history":[{"count":1,"href":"https:\/\/zamanturkmenistan.com.tm\/index.php?rest_route=\/wp\/v2\/posts\/103794\/revisions"}],"predecessor-version":[{"id":103796,"href":"https:\/\/zamanturkmenistan.com.tm\/index.php?rest_route=\/wp\/v2\/posts\/103794\/revisions\/103796"}],"wp:featuredmedia":[{"embeddable":true,"href":"https:\/\/zamanturkmenistan.com.tm\/index.php?rest_route=\/wp\/v2\/media\/103795"}],"wp:attachment":[{"href":"https:\/\/zamanturkmenistan.com.tm\/index.php?rest_route=%2Fwp%2Fv2%2Fmedia&parent=103794"}],"wp:term":[{"taxonomy":"category","embeddable":true,"href":"https:\/\/zamanturkmenistan.com.tm\/index.php?rest_route=%2Fwp%2Fv2%2Fcategories&post=103794"},{"taxonomy":"post_tag","embeddable":true,"href":"https:\/\/zamanturkmenistan.com.tm\/index.php?rest_route=%2Fwp%2Fv2%2Ftags&post=103794"}],"curies":[{"name":"wp","href":"https:\/\/api.w.org\/{rel}","templated":true}]}}