{"id":103797,"date":"2024-04-02T17:12:07","date_gmt":"2024-04-02T12:12:07","guid":{"rendered":"https:\/\/zamanturkmenistan.com.tm\/?p=103797"},"modified":"2024-04-02T17:12:07","modified_gmt":"2024-04-02T12:12:07","slug":"yrak-eyrandan-5-yyllap-gaz-import-eder","status":"publish","type":"post","link":"https:\/\/zamanturkmenistan.com.tm\/?p=103797","title":{"rendered":"Yrak E\u00fdrandan 5 \u00fdyllap gaz import eder"},"content":{"rendered":"<p>Yragy\u0148 h\u00f6k\u00fcmeti tebigy gaz import etmek bo\u00fdun\u00e7a E\u00fdran bilen 5 \u00fdyllyk ylala\u015fyga gol \u00e7ekendigi barada m\u00e4lim etdi.<br \/>\nYragy\u0148 energetika ministrligini\u0148 be\u00fdanatyna g\u00f6r\u00e4, \u00fdurdu\u0148 energetika ministri Zi\u00fdad Ali Fazil E\u00fdrany\u0148 milli gaz kompani\u00fdasy bilen 5 \u00fdyllyk ylala\u015fyga gol \u00e7ekdi.<br \/>\nYlala\u015fyga la\u00fdyklykda, Yrak E\u00fdrandan 5 \u00fdyl m\u00f6hlet bilen her g\u00fcnde 50 million kub metr gaz satyn alar.<br \/>\nBu barada T\u00fcrki\u00fd\u00e4ni\u0148 \u201cAnadolu\u201d agentligi habar ber\u00fd\u00e4r.<\/p>\n","protected":false},"excerpt":{"rendered":"<p>Yragy\u0148 h\u00f6k\u00fcmeti tebigy gaz import etmek bo\u00fdun\u00e7a E\u00fdran bilen 5 \u00fdyllyk ylala\u015fyga gol \u00e7ekendigi barada m\u00e4lim etdi. Yragy\u0148 energetika ministrligini\u0148 be\u00fdanatyna g\u00f6r\u00e4, \u00fdurdu\u0148 energetika ministri Zi\u00fdad Ali Fazil E\u00fdrany\u0148 milli gaz kompani\u00fdasy bilen 5 \u00fdyllyk ylala\u015fyga gol \u00e7ekdi. Ylala\u015fyga la\u00fdyklykda, Yrak E\u00fdrandan 5 \u00fdyl m\u00f6hlet bilen her g\u00fcnde 50 million kub metr gaz satyn alar. [&hellip;]<\/p>\n","protected":false},"author":2,"featured_media":103798,"comment_status":"open","ping_status":"closed","sticky":false,"template":"","format":"standard","meta":{"footnotes":""},"categories":[5],"tags":[],"acf":[],"_links":{"self":[{"href":"https:\/\/zamanturkmenistan.com.tm\/index.php?rest_route=\/wp\/v2\/posts\/103797"}],"collection":[{"href":"https:\/\/zamanturkmenistan.com.tm\/index.php?rest_route=\/wp\/v2\/posts"}],"about":[{"href":"https:\/\/zamanturkmenistan.com.tm\/index.php?rest_route=\/wp\/v2\/types\/post"}],"author":[{"embeddable":true,"href":"https:\/\/zamanturkmenistan.com.tm\/index.php?rest_route=\/wp\/v2\/users\/2"}],"replies":[{"embeddable":true,"href":"https:\/\/zamanturkmenistan.com.tm\/index.php?rest_route=%2Fwp%2Fv2%2Fcomments&post=103797"}],"version-history":[{"count":1,"href":"https:\/\/zamanturkmenistan.com.tm\/index.php?rest_route=\/wp\/v2\/posts\/103797\/revisions"}],"predecessor-version":[{"id":103799,"href":"https:\/\/zamanturkmenistan.com.tm\/index.php?rest_route=\/wp\/v2\/posts\/103797\/revisions\/103799"}],"wp:featuredmedia":[{"embeddable":true,"href":"https:\/\/zamanturkmenistan.com.tm\/index.php?rest_route=\/wp\/v2\/media\/103798"}],"wp:attachment":[{"href":"https:\/\/zamanturkmenistan.com.tm\/index.php?rest_route=%2Fwp%2Fv2%2Fmedia&parent=103797"}],"wp:term":[{"taxonomy":"category","embeddable":true,"href":"https:\/\/zamanturkmenistan.com.tm\/index.php?rest_route=%2Fwp%2Fv2%2Fcategories&post=103797"},{"taxonomy":"post_tag","embeddable":true,"href":"https:\/\/zamanturkmenistan.com.tm\/index.php?rest_route=%2Fwp%2Fv2%2Ftags&post=103797"}],"curies":[{"name":"wp","href":"https:\/\/api.w.org\/{rel}","templated":true}]}}