{"id":103806,"date":"2024-04-02T17:36:46","date_gmt":"2024-04-02T12:36:46","guid":{"rendered":"https:\/\/zamanturkmenistan.com.tm\/?p=103806"},"modified":"2024-04-02T17:36:46","modified_gmt":"2024-04-02T12:36:46","slug":"mhg-nyn-merkezi-aziya-boyunca-sebitleyin-utgasdyryjysy-bilen-dususyk-gecirildi","status":"publish","type":"post","link":"https:\/\/zamanturkmenistan.com.tm\/?p=103806","title":{"rendered":"MHG-ny\u0148 Merkezi Azi\u00fda bo\u00fdun\u00e7a sebitle\u00fdin utga\u015fdyryjysy bilen du\u015fu\u015fyk ge\u00e7irildi"},"content":{"rendered":"<p>2-nji aprelde T\u00fcrkmenistany\u0148 Da\u015fary i\u015fler ministrliginde Da\u015fary i\u015fler ministri Ra\u015fid Meredow bilen Migrasi\u00fda bo\u00fdun\u00e7a halkara guramasyny\u0148 Merkezi Azi\u00fda bo\u00fdun\u00e7a sebitle\u00fdin utga\u015fdyryjysy Ze\u00fdnal Gaji\u00fdewi\u0148 arasynda geple\u015fikler ge\u00e7irildi.<br \/>\nDu\u015fu\u015fygy\u0148 bar\u015fynda taraplar T\u00fcrkmenistan bilen MHG-ni\u0148 arasyndaky hyzmatda\u015flygy\u0148 o\u0148yn tejribesini bellediler. \u015ee\u00fdle-de T\u00fcrkmenistan tarapyndan bosgunlary\u0148 we ra\u00fdatlygy bolmadyk adamlary\u0148 hukuklaryny \u00fcpj\u00fcn etmek, adam s\u00f6wdasyna gar\u015fy g\u00f6re\u015fmek meselelerini\u0148 abra\u00fdly halkara guramalary bilen hyzmatda\u015flygy\u0148 ileri tutul\u00fdan ugurlary h\u00f6km\u00fcnde garal\u00fdandygy bellenildi.<br \/>\nTaraplar \u201cT\u00fcrkmenistany\u0148 H\u00f6k\u00fcmetini\u0148 Migrasi\u00fda bo\u00fdun\u00e7a halkara guramasyny\u0148 T\u00fcrkmenistandaky wekilhanasy bilen bilelikde 2023-nji \u00fdylda durmu\u015fa ge\u00e7irilmegi me\u00fdille\u015fdiril\u00fd\u00e4n taslamalary\u0148 Me\u00fdilnamasyny\u0148\u201d \u00fcst\u00fcnlikli durmu\u015fa ge\u00e7irilendigini kanagatlanma bilen nygtadylar.<br \/>\n2024-nji \u00fdyldaky \u00e7\u00e4releri\u0148 Me\u00fdilnamasyny ara alyp maslahatla\u015fmagy\u0148 \u00e7\u00e4ginde T\u00fcrkmenistanny\u0148 H\u00f6k\u00fcmetini\u0148 we MHG-ni\u0148 bilelikd\u00e4ki taslamalaryny \u00fdakyn geljekde durmu\u015fa ge\u00e7irmegi\u0148 meselelerine garaldy.<br \/>\nMundan ba\u015fga-da, geple\u015fikleri\u0148 bar\u015fynda 2019-2024-nji \u00fdyllar \u00fc\u00e7in Hereketleri\u0148 Milli me\u00fdilnamasyna la\u00fdyklykda \u00fdurtda ra\u00fdatlygy bolmadyk adamlary aradan a\u00fdyrmak bo\u00fdun\u00e7a ulgamla\u00fdyn i\u015fleri\u0148 alnyp baryl\u00fdandygy dogrusynda durulup ge\u00e7ildi.<br \/>\nRa\u00fdatlygy bolmadyk adamlary\u0148 sanyny azaltmak we onu\u0148 \u00f6\u0148\u00fcni almak ugrunda T\u00fcrkmenistanda alnyp baryl\u00fdan i\u015fleri\u0148 \u00e4hmi\u00fdetini bellemek bilen, T\u00fcrkmenistany\u0148 bosgunlar, ra\u00fdatlygy bolmadyk adamlar we migrantlar bilen baglany\u015fykly meseleleri milli we halkara derejesinde \u00e7\u00f6zmek baradaky bor\u00e7namalaryna wepalydygy m\u00e4lim edildi.<br \/>\nMundan ba\u015fga-da, hyzmatda\u015flygy\u0148 hukuk bin\u00fdadyny i\u015fje\u0148le\u015fdirmek meseleleri ara alnyp maslahatla\u015fyldy.<br \/>\nGeple\u015fikleri\u0148 dowamynda T\u00fcrkmenistany\u0148 MHG-ni\u0148 d\u00fcrli sebitle\u00fdin taslamalaryna i\u015fje\u0148 gatna\u015f\u00fdandygy we olary milli derejede durmu\u015fa ge\u00e7ir\u00fd\u00e4ndigi nygtaldy.<\/p>\n","protected":false},"excerpt":{"rendered":"<p>2-nji aprelde T\u00fcrkmenistany\u0148 Da\u015fary i\u015fler ministrliginde Da\u015fary i\u015fler ministri Ra\u015fid Meredow bilen Migrasi\u00fda bo\u00fdun\u00e7a halkara guramasyny\u0148 Merkezi Azi\u00fda bo\u00fdun\u00e7a sebitle\u00fdin utga\u015fdyryjysy Ze\u00fdnal Gaji\u00fdewi\u0148 arasynda geple\u015fikler ge\u00e7irildi. Du\u015fu\u015fygy\u0148 bar\u015fynda taraplar T\u00fcrkmenistan bilen MHG-ni\u0148 arasyndaky hyzmatda\u015flygy\u0148 o\u0148yn tejribesini bellediler. \u015ee\u00fdle-de T\u00fcrkmenistan tarapyndan bosgunlary\u0148 we ra\u00fdatlygy bolmadyk adamlary\u0148 hukuklaryny \u00fcpj\u00fcn etmek, adam s\u00f6wdasyna gar\u015fy g\u00f6re\u015fmek meselelerini\u0148 abra\u00fdly halkara [&hellip;]<\/p>\n","protected":false},"author":2,"featured_media":103807,"comment_status":"open","ping_status":"closed","sticky":false,"template":"","format":"standard","meta":{"footnotes":""},"categories":[3],"tags":[],"acf":[],"_links":{"self":[{"href":"https:\/\/zamanturkmenistan.com.tm\/index.php?rest_route=\/wp\/v2\/posts\/103806"}],"collection":[{"href":"https:\/\/zamanturkmenistan.com.tm\/index.php?rest_route=\/wp\/v2\/posts"}],"about":[{"href":"https:\/\/zamanturkmenistan.com.tm\/index.php?rest_route=\/wp\/v2\/types\/post"}],"author":[{"embeddable":true,"href":"https:\/\/zamanturkmenistan.com.tm\/index.php?rest_route=\/wp\/v2\/users\/2"}],"replies":[{"embeddable":true,"href":"https:\/\/zamanturkmenistan.com.tm\/index.php?rest_route=%2Fwp%2Fv2%2Fcomments&post=103806"}],"version-history":[{"count":1,"href":"https:\/\/zamanturkmenistan.com.tm\/index.php?rest_route=\/wp\/v2\/posts\/103806\/revisions"}],"predecessor-version":[{"id":103808,"href":"https:\/\/zamanturkmenistan.com.tm\/index.php?rest_route=\/wp\/v2\/posts\/103806\/revisions\/103808"}],"wp:featuredmedia":[{"embeddable":true,"href":"https:\/\/zamanturkmenistan.com.tm\/index.php?rest_route=\/wp\/v2\/media\/103807"}],"wp:attachment":[{"href":"https:\/\/zamanturkmenistan.com.tm\/index.php?rest_route=%2Fwp%2Fv2%2Fmedia&parent=103806"}],"wp:term":[{"taxonomy":"category","embeddable":true,"href":"https:\/\/zamanturkmenistan.com.tm\/index.php?rest_route=%2Fwp%2Fv2%2Fcategories&post=103806"},{"taxonomy":"post_tag","embeddable":true,"href":"https:\/\/zamanturkmenistan.com.tm\/index.php?rest_route=%2Fwp%2Fv2%2Ftags&post=103806"}],"curies":[{"name":"wp","href":"https:\/\/api.w.org\/{rel}","templated":true}]}}