{"id":103809,"date":"2024-04-02T17:38:58","date_gmt":"2024-04-02T12:38:58","guid":{"rendered":"https:\/\/zamanturkmenistan.com.tm\/?p=103809"},"modified":"2024-04-02T17:38:58","modified_gmt":"2024-04-02T12:38:58","slug":"turkmenistanyn-ilcisi-pakistanyn-prezidenti-bilen-dususdy","status":"publish","type":"post","link":"https:\/\/zamanturkmenistan.com.tm\/?p=103809","title":{"rendered":"T\u00fcrkmenistany\u0148 Il\u00e7isi Pakistany\u0148 Prezidenti bilen du\u015fu\u015fdy"},"content":{"rendered":"<p>1-nji aprelde \u00abA\u00fdwan-e-Sadr\u00bb Prezident k\u00f6\u015fg\u00fcnde T\u00fcrkmenistany\u0148 Il\u00e7isi Atajan M\u00f6wlamow bilen Pakistany\u0148 Prezidenti Asif Ali Zardarini\u0148 arasynda du\u015fu\u015fyk ge\u00e7irildi.<br \/>\nT\u00fcrkmenistany\u0148 Il\u00e7isi Pakistany\u0148 Prezidentine T\u00fcrkmenistany\u0148 Prezidenti Serdar Berdimuhamedowy\u0148 we T\u00fcrkmenistany\u0148 Halk Maslahatyny\u0148 Ba\u015flygy Gurbanguly Berdimuhamedowy\u0148 adyndan \u00fdurdu\u0148 Prezidenti wezipesine ikinji gezek giri\u015fmegi bilen baglany\u015fykly gutlag s\u00f6zlerini we arzuwlaryny \u00fdetirdi.<br \/>\nAsif Ali Zardari hem \u00f6z gezeginde T\u00fcrkmenistany\u0148 Prezidenti Serdar Berdimuhamedowa we T\u00fcrkmen halkyny\u0148 Milli Lideri Gurbanguly Berdimuhamedowa ho\u015fni\u00fdetli s\u00f6zleri we gutlaglary \u00fc\u00e7in minnetdarlyk bildirdi we parahat\u00e7ylyk we g\u00fcll\u00e4p \u00f6s\u00fc\u015f baradaky i\u0148 gowy arzuwlaryny \u00fdetirmegi ha\u00fdy\u015f etdi.<br \/>\nSo\u0148ra taraplar d\u00f6wletara gatna\u015fyklaryny\u0148 d\u00fcrli ugurlaryny \u00f6z i\u00e7ine al\u00fdan t\u00fcrkmen-pakistan gatna\u015fyklaryny\u0148 g\u00fcn tertibini ara alyp maslahatla\u015fdylar. Bellenil\u015fi \u00fdaly, T\u00fcrkmenistan bilen Pakistany\u0148 arasyndaky gatna\u015fyklar birek-birege hormat go\u00fdmak, de\u0148hukuklylyk we \u00f6zara b\u00e4hbitli hyzmatda\u015flyk \u00fd\u00f6relgeleri esasynda \u00f6sd\u00fcril\u00fd\u00e4r.<br \/>\nDu\u015fu\u015fygy\u0148 ahyrynda Prezident Asif Ali Zardari Pakistany\u0148 T\u00fcrkmenistan bilen ikitarapla\u00fdyn gatna\u015fyklaryna a\u00fdratyn \u00e4hmi\u00fdet ber\u00fd\u00e4ndigini belledi.<\/p>\n","protected":false},"excerpt":{"rendered":"<p>1-nji aprelde \u00abA\u00fdwan-e-Sadr\u00bb Prezident k\u00f6\u015fg\u00fcnde T\u00fcrkmenistany\u0148 Il\u00e7isi Atajan M\u00f6wlamow bilen Pakistany\u0148 Prezidenti Asif Ali Zardarini\u0148 arasynda du\u015fu\u015fyk ge\u00e7irildi. T\u00fcrkmenistany\u0148 Il\u00e7isi Pakistany\u0148 Prezidentine T\u00fcrkmenistany\u0148 Prezidenti Serdar Berdimuhamedowy\u0148 we T\u00fcrkmenistany\u0148 Halk Maslahatyny\u0148 Ba\u015flygy Gurbanguly Berdimuhamedowy\u0148 adyndan \u00fdurdu\u0148 Prezidenti wezipesine ikinji gezek giri\u015fmegi bilen baglany\u015fykly gutlag s\u00f6zlerini we arzuwlaryny \u00fdetirdi. Asif Ali Zardari hem \u00f6z gezeginde T\u00fcrkmenistany\u0148 Prezidenti [&hellip;]<\/p>\n","protected":false},"author":2,"featured_media":103810,"comment_status":"open","ping_status":"closed","sticky":false,"template":"","format":"standard","meta":{"footnotes":""},"categories":[3],"tags":[],"acf":[],"_links":{"self":[{"href":"https:\/\/zamanturkmenistan.com.tm\/index.php?rest_route=\/wp\/v2\/posts\/103809"}],"collection":[{"href":"https:\/\/zamanturkmenistan.com.tm\/index.php?rest_route=\/wp\/v2\/posts"}],"about":[{"href":"https:\/\/zamanturkmenistan.com.tm\/index.php?rest_route=\/wp\/v2\/types\/post"}],"author":[{"embeddable":true,"href":"https:\/\/zamanturkmenistan.com.tm\/index.php?rest_route=\/wp\/v2\/users\/2"}],"replies":[{"embeddable":true,"href":"https:\/\/zamanturkmenistan.com.tm\/index.php?rest_route=%2Fwp%2Fv2%2Fcomments&post=103809"}],"version-history":[{"count":1,"href":"https:\/\/zamanturkmenistan.com.tm\/index.php?rest_route=\/wp\/v2\/posts\/103809\/revisions"}],"predecessor-version":[{"id":103811,"href":"https:\/\/zamanturkmenistan.com.tm\/index.php?rest_route=\/wp\/v2\/posts\/103809\/revisions\/103811"}],"wp:featuredmedia":[{"embeddable":true,"href":"https:\/\/zamanturkmenistan.com.tm\/index.php?rest_route=\/wp\/v2\/media\/103810"}],"wp:attachment":[{"href":"https:\/\/zamanturkmenistan.com.tm\/index.php?rest_route=%2Fwp%2Fv2%2Fmedia&parent=103809"}],"wp:term":[{"taxonomy":"category","embeddable":true,"href":"https:\/\/zamanturkmenistan.com.tm\/index.php?rest_route=%2Fwp%2Fv2%2Fcategories&post=103809"},{"taxonomy":"post_tag","embeddable":true,"href":"https:\/\/zamanturkmenistan.com.tm\/index.php?rest_route=%2Fwp%2Fv2%2Ftags&post=103809"}],"curies":[{"name":"wp","href":"https:\/\/api.w.org\/{rel}","templated":true}]}}