{"id":103877,"date":"2024-04-03T15:39:28","date_gmt":"2024-04-03T10:39:28","guid":{"rendered":"https:\/\/zamanturkmenistan.com.tm\/?p=103877"},"modified":"2024-04-03T15:43:15","modified_gmt":"2024-04-03T10:43:15","slug":"sowda-toplumynyn-sergisi-acyldy","status":"publish","type":"post","link":"https:\/\/zamanturkmenistan.com.tm\/?p=103877","title":{"rendered":"S\u00f6wda toplumyny\u0148 sergisi a\u00e7yldy"},"content":{"rendered":"<p>\u015eu g\u00fcn T\u00fcrkmenistany\u0148 S\u00f6wda-senagat edarasyny\u0148 binasynda S\u00f6wda toplumyny\u0148 sergisi a\u00e7yldy.<br \/>\n\u00dc\u00e7 g\u00fcn dowam etjek sergini\u0148 a\u00e7yly\u015f dabarasyna H\u00f6k\u00fcmet agzalary, Halk Maslahaty\u0148, Mejlisi\u0148, ministrlikleri\u0148 we pudakla\u00fdyn dolandyry\u015f edaralaryny\u0148, da\u015fary \u00fdurtlary\u0148 hem-de halkara guramalaryny\u0148 \u00fdurdumyzdaky diplomatik wekilhanalaryny\u0148, jemgy\u00fdet\u00e7ilik guramalaryny\u0148, k\u00f6p\u00e7\u00fclikle\u00fdin habar beri\u015f seri\u015fdelerini\u0148 \u00fdolba\u015f\u00e7ylary hem-de wekilleri gatna\u015fdylar. Sergini\u0148 a\u00e7yly\u015f dabarasynda hormatly Prezidentimizi\u0148 o\u0148a gatna\u015fyjylara iberen Gutlagy okaldy. \u00ddurdumyzda azyk howpsuzlygyny pugtalandyrmak, da\u015fary \u00fdurtlardan getiril\u00fd\u00e4n harytlary\u0148 ornuny tut\u00fdan \u00f6n\u00fcmleri\u0148 \u00f6nd\u00fcrili\u015fini artdyrmak, s\u00f6wda hyzmatlaryny k\u00e4mille\u015fdirmek, esasan-da, halky\u0148 sarp ed\u00fd\u00e4n harytlaryna bolan islegleri kanagatlandyrmak h\u00e4zirki d\u00f6w\u00fcrde s\u00f6wda toplumyny\u0148 \u00f6\u0148\u00fcnde dur\u00fdan esasy wezipelerdir di\u00fdlip, d\u00f6wlet Ba\u015ftutanymyzy\u0148 Gutlagynda bellenil\u00fd\u00e4r.<br \/>\n\u00ddygnananlar hormatly Prezidentimizi\u0148 Gutlagyny uly ruhubelentlik bilen di\u0148lediler.<br \/>\nSergide iki \u00fd\u00fczden gowrak d\u00fcz\u00fcmleri\u0148, \u015fe\u00fdle hem d\u00fcrli ugurlarda i\u015f alyp bar\u00fdan \u00fdurdumyzy\u0148 Senagat\u00e7ylar we teleke\u00e7iler birle\u015fmesini\u0148 agzalary tarapyndan \u00f6nd\u00fcril\u00fd\u00e4n \u00fdokary hilli \u00f6n\u00fcmler we hyzmatlar gi\u0148 g\u00f6rn\u00fc\u015fleri g\u00f6rkezil\u00fd\u00e4r.<\/p>\n<p><img decoding=\"async\" loading=\"lazy\" class=\"aligncenter wp-image-103880 size-full\" src=\"https:\/\/zamanturkmenistan.com.tm\/wp-content\/uploads\/2024\/04\/sowda-toplumy-sergi-miras-modeller-oyi-5X2A4630.jpg\" alt=\"\" width=\"1000\" height=\"667\" srcset=\"https:\/\/zamanturkmenistan.com.tm\/wp-content\/uploads\/2024\/04\/sowda-toplumy-sergi-miras-modeller-oyi-5X2A4630.jpg 1000w, https:\/\/zamanturkmenistan.com.tm\/wp-content\/uploads\/2024\/04\/sowda-toplumy-sergi-miras-modeller-oyi-5X2A4630-300x200.jpg 300w, https:\/\/zamanturkmenistan.com.tm\/wp-content\/uploads\/2024\/04\/sowda-toplumy-sergi-miras-modeller-oyi-5X2A4630-768x512.jpg 768w, https:\/\/zamanturkmenistan.com.tm\/wp-content\/uploads\/2024\/04\/sowda-toplumy-sergi-miras-modeller-oyi-5X2A4630-696x464.jpg 696w, https:\/\/zamanturkmenistan.com.tm\/wp-content\/uploads\/2024\/04\/sowda-toplumy-sergi-miras-modeller-oyi-5X2A4630-630x420.jpg 630w\" sizes=\"(max-width: 1000px) 100vw, 1000px\" \/><br \/>\nSergini\u0148 \u00e7\u00e4klerinde A\u015fgabady\u0148 Miras modeller \u00f6\u00fdi tarapyndan ta\u00fd\u00fdarlanan egin-e\u015fiklerini\u0148 g\u00f6rkezili\u015fi boldy. Lybaslary\u0148 g\u00f6rkezili\u015fi myhmanlarda uly gyzyklanma d\u00f6retdi.<br \/>\nSergi 5-nji aprelde 15:00-a \u00e7enli dowam eder.<\/p>\n<p><img decoding=\"async\" loading=\"lazy\" class=\"aligncenter wp-image-103882 size-full\" src=\"https:\/\/zamanturkmenistan.com.tm\/wp-content\/uploads\/2024\/04\/sowda-toplumy-sergi-5X2A4346.jpg\" alt=\"\" width=\"1000\" height=\"596\" srcset=\"https:\/\/zamanturkmenistan.com.tm\/wp-content\/uploads\/2024\/04\/sowda-toplumy-sergi-5X2A4346.jpg 1000w, https:\/\/zamanturkmenistan.com.tm\/wp-content\/uploads\/2024\/04\/sowda-toplumy-sergi-5X2A4346-300x179.jpg 300w, https:\/\/zamanturkmenistan.com.tm\/wp-content\/uploads\/2024\/04\/sowda-toplumy-sergi-5X2A4346-768x458.jpg 768w, https:\/\/zamanturkmenistan.com.tm\/wp-content\/uploads\/2024\/04\/sowda-toplumy-sergi-5X2A4346-696x415.jpg 696w, https:\/\/zamanturkmenistan.com.tm\/wp-content\/uploads\/2024\/04\/sowda-toplumy-sergi-5X2A4346-705x420.jpg 705w\" sizes=\"(max-width: 1000px) 100vw, 1000px\" \/><img decoding=\"async\" loading=\"lazy\" class=\"aligncenter wp-image-103884 size-large\" src=\"https:\/\/zamanturkmenistan.com.tm\/wp-content\/uploads\/2024\/04\/sowda-toplumy-sergi-5X2A4581-1024x651.jpg\" alt=\"\" width=\"696\" height=\"442\" srcset=\"https:\/\/zamanturkmenistan.com.tm\/wp-content\/uploads\/2024\/04\/sowda-toplumy-sergi-5X2A4581-1024x651.jpg 1024w, https:\/\/zamanturkmenistan.com.tm\/wp-content\/uploads\/2024\/04\/sowda-toplumy-sergi-5X2A4581-300x191.jpg 300w, https:\/\/zamanturkmenistan.com.tm\/wp-content\/uploads\/2024\/04\/sowda-toplumy-sergi-5X2A4581-768x488.jpg 768w, https:\/\/zamanturkmenistan.com.tm\/wp-content\/uploads\/2024\/04\/sowda-toplumy-sergi-5X2A4581-696x443.jpg 696w, https:\/\/zamanturkmenistan.com.tm\/wp-content\/uploads\/2024\/04\/sowda-toplumy-sergi-5X2A4581-1068x679.jpg 1068w, https:\/\/zamanturkmenistan.com.tm\/wp-content\/uploads\/2024\/04\/sowda-toplumy-sergi-5X2A4581-661x420.jpg 661w, https:\/\/zamanturkmenistan.com.tm\/wp-content\/uploads\/2024\/04\/sowda-toplumy-sergi-5X2A4581.jpg 1200w\" sizes=\"(max-width: 696px) 100vw, 696px\" \/> <img decoding=\"async\" loading=\"lazy\" class=\"aligncenter wp-image-103885 size-full\" src=\"https:\/\/zamanturkmenistan.com.tm\/wp-content\/uploads\/2024\/04\/sowda-toplumy-sergi-5X2A4555.jpg\" alt=\"\" width=\"1000\" height=\"635\" srcset=\"https:\/\/zamanturkmenistan.com.tm\/wp-content\/uploads\/2024\/04\/sowda-toplumy-sergi-5X2A4555.jpg 1000w, https:\/\/zamanturkmenistan.com.tm\/wp-content\/uploads\/2024\/04\/sowda-toplumy-sergi-5X2A4555-300x191.jpg 300w, https:\/\/zamanturkmenistan.com.tm\/wp-content\/uploads\/2024\/04\/sowda-toplumy-sergi-5X2A4555-768x488.jpg 768w, https:\/\/zamanturkmenistan.com.tm\/wp-content\/uploads\/2024\/04\/sowda-toplumy-sergi-5X2A4555-696x442.jpg 696w, https:\/\/zamanturkmenistan.com.tm\/wp-content\/uploads\/2024\/04\/sowda-toplumy-sergi-5X2A4555-661x420.jpg 661w\" sizes=\"(max-width: 1000px) 100vw, 1000px\" \/> <img decoding=\"async\" loading=\"lazy\" class=\"aligncenter wp-image-103886 size-full\" src=\"https:\/\/zamanturkmenistan.com.tm\/wp-content\/uploads\/2024\/04\/sowda-toplumy-sergi-5X2A4522.jpg\" alt=\"\" width=\"1000\" height=\"595\" srcset=\"https:\/\/zamanturkmenistan.com.tm\/wp-content\/uploads\/2024\/04\/sowda-toplumy-sergi-5X2A4522.jpg 1000w, https:\/\/zamanturkmenistan.com.tm\/wp-content\/uploads\/2024\/04\/sowda-toplumy-sergi-5X2A4522-300x179.jpg 300w, https:\/\/zamanturkmenistan.com.tm\/wp-content\/uploads\/2024\/04\/sowda-toplumy-sergi-5X2A4522-768x457.jpg 768w, https:\/\/zamanturkmenistan.com.tm\/wp-content\/uploads\/2024\/04\/sowda-toplumy-sergi-5X2A4522-696x414.jpg 696w, https:\/\/zamanturkmenistan.com.tm\/wp-content\/uploads\/2024\/04\/sowda-toplumy-sergi-5X2A4522-706x420.jpg 706w\" sizes=\"(max-width: 1000px) 100vw, 1000px\" \/> <img decoding=\"async\" loading=\"lazy\" class=\"aligncenter wp-image-103887 size-full\" src=\"https:\/\/zamanturkmenistan.com.tm\/wp-content\/uploads\/2024\/04\/sowda-toplumy-sergi-5X2A4368.jpg\" alt=\"\" width=\"1000\" height=\"604\" srcset=\"https:\/\/zamanturkmenistan.com.tm\/wp-content\/uploads\/2024\/04\/sowda-toplumy-sergi-5X2A4368.jpg 1000w, https:\/\/zamanturkmenistan.com.tm\/wp-content\/uploads\/2024\/04\/sowda-toplumy-sergi-5X2A4368-300x181.jpg 300w, https:\/\/zamanturkmenistan.com.tm\/wp-content\/uploads\/2024\/04\/sowda-toplumy-sergi-5X2A4368-768x464.jpg 768w, https:\/\/zamanturkmenistan.com.tm\/wp-content\/uploads\/2024\/04\/sowda-toplumy-sergi-5X2A4368-696x420.jpg 696w, https:\/\/zamanturkmenistan.com.tm\/wp-content\/uploads\/2024\/04\/sowda-toplumy-sergi-5X2A4368-695x420.jpg 695w\" sizes=\"(max-width: 1000px) 100vw, 1000px\" \/><\/p>\n","protected":false},"excerpt":{"rendered":"<p>\u015eu g\u00fcn T\u00fcrkmenistany\u0148 S\u00f6wda-senagat edarasyny\u0148 binasynda S\u00f6wda toplumyny\u0148 sergisi a\u00e7yldy. \u00dc\u00e7 g\u00fcn dowam etjek sergini\u0148 a\u00e7yly\u015f dabarasyna H\u00f6k\u00fcmet agzalary, Halk Maslahaty\u0148, Mejlisi\u0148, ministrlikleri\u0148 we pudakla\u00fdyn dolandyry\u015f edaralaryny\u0148, da\u015fary \u00fdurtlary\u0148 hem-de halkara guramalaryny\u0148 \u00fdurdumyzdaky diplomatik wekilhanalaryny\u0148, jemgy\u00fdet\u00e7ilik guramalaryny\u0148, k\u00f6p\u00e7\u00fclikle\u00fdin habar beri\u015f seri\u015fdelerini\u0148 \u00fdolba\u015f\u00e7ylary hem-de wekilleri gatna\u015fdylar. Sergini\u0148 a\u00e7yly\u015f dabarasynda hormatly Prezidentimizi\u0148 o\u0148a gatna\u015fyjylara iberen Gutlagy okaldy. [&hellip;]<\/p>\n","protected":false},"author":2,"featured_media":103878,"comment_status":"open","ping_status":"closed","sticky":false,"template":"","format":"standard","meta":{"footnotes":""},"categories":[3],"tags":[9261,9259,9257],"_links":{"self":[{"href":"https:\/\/zamanturkmenistan.com.tm\/index.php?rest_route=\/wp\/v2\/posts\/103877"}],"collection":[{"href":"https:\/\/zamanturkmenistan.com.tm\/index.php?rest_route=\/wp\/v2\/posts"}],"about":[{"href":"https:\/\/zamanturkmenistan.com.tm\/index.php?rest_route=\/wp\/v2\/types\/post"}],"author":[{"embeddable":true,"href":"https:\/\/zamanturkmenistan.com.tm\/index.php?rest_route=\/wp\/v2\/users\/2"}],"replies":[{"embeddable":true,"href":"https:\/\/zamanturkmenistan.com.tm\/index.php?rest_route=%2Fwp%2Fv2%2Fcomments&post=103877"}],"version-history":[{"count":4,"href":"https:\/\/zamanturkmenistan.com.tm\/index.php?rest_route=\/wp\/v2\/posts\/103877\/revisions"}],"predecessor-version":[{"id":103888,"href":"https:\/\/zamanturkmenistan.com.tm\/index.php?rest_route=\/wp\/v2\/posts\/103877\/revisions\/103888"}],"wp:featuredmedia":[{"embeddable":true,"href":"https:\/\/zamanturkmenistan.com.tm\/index.php?rest_route=\/wp\/v2\/media\/103878"}],"wp:attachment":[{"href":"https:\/\/zamanturkmenistan.com.tm\/index.php?rest_route=%2Fwp%2Fv2%2Fmedia&parent=103877"}],"wp:term":[{"taxonomy":"category","embeddable":true,"href":"https:\/\/zamanturkmenistan.com.tm\/index.php?rest_route=%2Fwp%2Fv2%2Fcategories&post=103877"},{"taxonomy":"post_tag","embeddable":true,"href":"https:\/\/zamanturkmenistan.com.tm\/index.php?rest_route=%2Fwp%2Fv2%2Ftags&post=103877"}],"curies":[{"name":"wp","href":"https:\/\/api.w.org\/{rel}","templated":true}]}}