{"id":103889,"date":"2024-04-03T15:52:10","date_gmt":"2024-04-03T10:52:10","guid":{"rendered":"https:\/\/zamanturkmenistan.com.tm\/?p=103889"},"modified":"2024-04-03T16:22:54","modified_gmt":"2024-04-03T11:22:54","slug":"abdel-fattah-as-sisi-kasam-kabul-etdi","status":"publish","type":"post","link":"https:\/\/zamanturkmenistan.com.tm\/?p=103889","title":{"rendered":"Abdel Fattah as-Sisi kasam kabul etdi"},"content":{"rendered":"<p>M\u00fcs\u00fcri\u0148 Prezidenti Abdel Fattah as-Sisi Wekiller palatasyny\u0148 (parlament) agzalaryny\u0148 \u00f6\u0148\u00fcnde kasam kabul edip, \u00fc\u00e7\u00fcnji gezek d\u00f6wlet Ba\u015ftutany wezipesine giri\u015fdi. M\u00fcs\u00fcri\u0148 t\u00e4ze administratiw pa\u00fdtagtynda ge\u00e7irilen bu \u00e7\u00e4re Prezidenti\u0148 diwanhanasy tarapyndan \u00fda\u00fdlyma berildi.<br \/>\n2023-nji \u00fdyly\u0148 18-nji dekabrynda M\u00fcs\u00fcri\u0148 sa\u00fdlaw topary as-Sisini\u0148 10-12-nji dekabr aralygynda M\u00fcs\u00fcrde ge\u00e7irilen Prezident sa\u00fdlawlarynda 90 g\u00f6terime gola\u00fd ses alyp, \u00fde\u0148i\u015f gazanandygyny habar berdi. M\u00fcs\u00fcri\u0148 da\u015fynda we i\u00e7inde ge\u00e7irilen umumy ses beri\u015flikde, ses berm\u00e4ge hukugy bolan, takmynan, 67 million ra\u00fdatdan 39 million 702 m\u00fc\u0148 451 m\u00fcs\u00fcrli h\u00e4zirki Prezidente ses berdi. M\u00fcs\u00fcri\u0148 Prezidentini\u0148 ygty\u00fdarlyk m\u00f6hleti alty \u00fdyl. Sa\u00fdlawlarda as-Sisi \u00fc\u00e7\u00fcnji gezek \u00f6z dala\u015fg\u00e4rligini \u00f6\u0148e s\u00fcrdi. \u00ddurdu\u0148 Konstitusi\u00fdasyna la\u00fdyklykda, ol \u015fundan so\u0148 sa\u00fdlawlara gatna\u015fyp bilme\u00fd\u00e4r.<\/p>\n","protected":false},"excerpt":{"rendered":"<p>M\u00fcs\u00fcri\u0148 Prezidenti Abdel Fattah as-Sisi Wekiller palatasyny\u0148 (parlament) agzalaryny\u0148 \u00f6\u0148\u00fcnde kasam kabul edip, \u00fc\u00e7\u00fcnji gezek d\u00f6wlet Ba\u015ftutany wezipesine giri\u015fdi. M\u00fcs\u00fcri\u0148 t\u00e4ze administratiw pa\u00fdtagtynda ge\u00e7irilen bu \u00e7\u00e4re Prezidenti\u0148 diwanhanasy tarapyndan \u00fda\u00fdlyma berildi. 2023-nji \u00fdyly\u0148 18-nji dekabrynda M\u00fcs\u00fcri\u0148 sa\u00fdlaw topary as-Sisini\u0148 10-12-nji dekabr aralygynda M\u00fcs\u00fcrde ge\u00e7irilen Prezident sa\u00fdlawlarynda 90 g\u00f6terime gola\u00fd ses alyp, \u00fde\u0148i\u015f gazanandygyny habar berdi. [&hellip;]<\/p>\n","protected":false},"author":2,"featured_media":103890,"comment_status":"open","ping_status":"closed","sticky":false,"template":"","format":"standard","meta":{"footnotes":""},"categories":[5],"tags":[],"_links":{"self":[{"href":"https:\/\/zamanturkmenistan.com.tm\/index.php?rest_route=\/wp\/v2\/posts\/103889"}],"collection":[{"href":"https:\/\/zamanturkmenistan.com.tm\/index.php?rest_route=\/wp\/v2\/posts"}],"about":[{"href":"https:\/\/zamanturkmenistan.com.tm\/index.php?rest_route=\/wp\/v2\/types\/post"}],"author":[{"embeddable":true,"href":"https:\/\/zamanturkmenistan.com.tm\/index.php?rest_route=\/wp\/v2\/users\/2"}],"replies":[{"embeddable":true,"href":"https:\/\/zamanturkmenistan.com.tm\/index.php?rest_route=%2Fwp%2Fv2%2Fcomments&post=103889"}],"version-history":[{"count":1,"href":"https:\/\/zamanturkmenistan.com.tm\/index.php?rest_route=\/wp\/v2\/posts\/103889\/revisions"}],"predecessor-version":[{"id":103891,"href":"https:\/\/zamanturkmenistan.com.tm\/index.php?rest_route=\/wp\/v2\/posts\/103889\/revisions\/103891"}],"wp:featuredmedia":[{"embeddable":true,"href":"https:\/\/zamanturkmenistan.com.tm\/index.php?rest_route=\/wp\/v2\/media\/103890"}],"wp:attachment":[{"href":"https:\/\/zamanturkmenistan.com.tm\/index.php?rest_route=%2Fwp%2Fv2%2Fmedia&parent=103889"}],"wp:term":[{"taxonomy":"category","embeddable":true,"href":"https:\/\/zamanturkmenistan.com.tm\/index.php?rest_route=%2Fwp%2Fv2%2Fcategories&post=103889"},{"taxonomy":"post_tag","embeddable":true,"href":"https:\/\/zamanturkmenistan.com.tm\/index.php?rest_route=%2Fwp%2Fv2%2Ftags&post=103889"}],"curies":[{"name":"wp","href":"https:\/\/api.w.org\/{rel}","templated":true}]}}