{"id":103895,"date":"2024-04-03T16:16:58","date_gmt":"2024-04-03T11:16:58","guid":{"rendered":"https:\/\/zamanturkmenistan.com.tm\/?p=103895"},"modified":"2024-04-03T16:16:58","modified_gmt":"2024-04-03T11:16:58","slug":"dunyanin-in-garry-erkegi-114-yasynda-dunyesini-tazeledi","status":"publish","type":"post","link":"https:\/\/zamanturkmenistan.com.tm\/?p=103895","title":{"rendered":"D\u00fcn\u00fd\u00e4ni\u0148 i\u0148 garry erkegi 114 \u00fda\u015fynda d\u00fcn\u00fdesini t\u00e4zeledi"},"content":{"rendered":"<p>We\u00adne\u00adsue\u00adla\u00adda \u00fda\u00ad\u015fa\u00ad\u00fdan d\u00fcn\u00ad\u00fd\u00e4\u00adni\u0148 i\u0148 gar\u00adry er\u00adke\u00adgi Hu\u00adan Wi\u00adsent Pe\u00adres Mo\u00adra 114 \u00fda\u00ad\u015fyn\u00adda ara\u00addan \u00e7yk\u00addy. Bu ba\u00adra\u00adda \u00fdur\u00addu\u0148 Pre\u00adzi\u00adden\u00adti Ni\u00adko\u00adlas Ma\u00addu\u00adro X jem\u00adgy\u00ad\u00fdet\u00ad\u00e7i\u00adlik to\u00adrun\u00adda\u00adky ak\u00adka\u00adun\u00addyn\u00adda m\u00e4\u00adlim et\u00addi. Pe\u00adre\u00adsi\u0148 Ta\u00ad\u00e7i\u00adra we\u00adla\u00ad\u00fda\u00adtyn\u00adda \u00fda\u00ad\u015fan\u00addy\u00adgy m\u00e4\u00adlim edil\u00addi.<br \/>\n1909-njy \u00fdy\u00adly\u0148 ma\u00fd a\u00fdy\u00adda d\u00fcn\u00ad\u00fd\u00e4 inen Pe\u00adre\u00adsi\u0148 11 \u00e7o\u00adga\u00adsy, 41 ag\u00adty\u00adgy, 18 \u00e7ow\u00adlu\u00adgy we 12 \u00fduw\u00adlu\u00adgy bar eken. Gin\u00adne\u00adsi\u0148 re\u00adkord\u00adlar ki\u00adta\u00adby 2022-nji \u00fdyl\u00adda Pe\u00adre\u00adsi\u0148 d\u00fcn\u00ad\u00fd\u00e4\u00adni\u0148 i\u0148 gar\u00adry ada\u00admy\u00addy\u00adgy\u00adny tas\u00adsyk\u00adlap\u00addy. Re\u00adkord\u00adlar ki\u00adta\u00adby Pe\u00adres ba\u00adra\u00adda b\u00e4\u015f \u00fda\u00ad\u015fyn\u00addan wag\u00adty ka\u00adka\u00adsy we do\u00adgan\u00adla\u00adry bi\u00adlen ekin me\u00fd\u00adda\u00adnyn\u00adda i\u015f\u00adl\u00e4p ba\u015f\u00adlan\u00addy\u00adgy\u00adny, \u015fe\u00adker\u00ad\u00e7i\u0148\u00adrik we ko\u00adfe ha\u00adsy\u00adly\u00adny \u00fdyg\u00adna\u00adma\u00adga k\u00f6\u00admek eden\u00addi\u00adgi\u00adni \u00fda\u00adzyp\u00addy.<\/p>\n","protected":false},"excerpt":{"rendered":"<p>We\u00adne\u00adsue\u00adla\u00adda \u00fda\u00ad\u015fa\u00ad\u00fdan d\u00fcn\u00ad\u00fd\u00e4\u00adni\u0148 i\u0148 gar\u00adry er\u00adke\u00adgi Hu\u00adan Wi\u00adsent Pe\u00adres Mo\u00adra 114 \u00fda\u00ad\u015fyn\u00adda ara\u00addan \u00e7yk\u00addy. Bu ba\u00adra\u00adda \u00fdur\u00addu\u0148 Pre\u00adzi\u00adden\u00adti Ni\u00adko\u00adlas Ma\u00addu\u00adro X jem\u00adgy\u00ad\u00fdet\u00ad\u00e7i\u00adlik to\u00adrun\u00adda\u00adky ak\u00adka\u00adun\u00addyn\u00adda m\u00e4\u00adlim et\u00addi. Pe\u00adre\u00adsi\u0148 Ta\u00ad\u00e7i\u00adra we\u00adla\u00ad\u00fda\u00adtyn\u00adda \u00fda\u00ad\u015fan\u00addy\u00adgy m\u00e4\u00adlim edil\u00addi. 1909-njy \u00fdy\u00adly\u0148 ma\u00fd a\u00fdy\u00adda d\u00fcn\u00ad\u00fd\u00e4 inen Pe\u00adre\u00adsi\u0148 11 \u00e7o\u00adga\u00adsy, 41 ag\u00adty\u00adgy, 18 \u00e7ow\u00adlu\u00adgy we 12 \u00fduw\u00adlu\u00adgy bar eken. Gin\u00adne\u00adsi\u0148 re\u00adkord\u00adlar ki\u00adta\u00adby 2022-nji \u00fdyl\u00adda [&hellip;]<\/p>\n","protected":false},"author":2,"featured_media":103896,"comment_status":"open","ping_status":"closed","sticky":false,"template":"","format":"standard","meta":{"footnotes":""},"categories":[5],"tags":[],"_links":{"self":[{"href":"https:\/\/zamanturkmenistan.com.tm\/index.php?rest_route=\/wp\/v2\/posts\/103895"}],"collection":[{"href":"https:\/\/zamanturkmenistan.com.tm\/index.php?rest_route=\/wp\/v2\/posts"}],"about":[{"href":"https:\/\/zamanturkmenistan.com.tm\/index.php?rest_route=\/wp\/v2\/types\/post"}],"author":[{"embeddable":true,"href":"https:\/\/zamanturkmenistan.com.tm\/index.php?rest_route=\/wp\/v2\/users\/2"}],"replies":[{"embeddable":true,"href":"https:\/\/zamanturkmenistan.com.tm\/index.php?rest_route=%2Fwp%2Fv2%2Fcomments&post=103895"}],"version-history":[{"count":1,"href":"https:\/\/zamanturkmenistan.com.tm\/index.php?rest_route=\/wp\/v2\/posts\/103895\/revisions"}],"predecessor-version":[{"id":103897,"href":"https:\/\/zamanturkmenistan.com.tm\/index.php?rest_route=\/wp\/v2\/posts\/103895\/revisions\/103897"}],"wp:featuredmedia":[{"embeddable":true,"href":"https:\/\/zamanturkmenistan.com.tm\/index.php?rest_route=\/wp\/v2\/media\/103896"}],"wp:attachment":[{"href":"https:\/\/zamanturkmenistan.com.tm\/index.php?rest_route=%2Fwp%2Fv2%2Fmedia&parent=103895"}],"wp:term":[{"taxonomy":"category","embeddable":true,"href":"https:\/\/zamanturkmenistan.com.tm\/index.php?rest_route=%2Fwp%2Fv2%2Fcategories&post=103895"},{"taxonomy":"post_tag","embeddable":true,"href":"https:\/\/zamanturkmenistan.com.tm\/index.php?rest_route=%2Fwp%2Fv2%2Ftags&post=103895"}],"curies":[{"name":"wp","href":"https:\/\/api.w.org\/{rel}","templated":true}]}}