{"id":104082,"date":"2024-04-05T15:26:52","date_gmt":"2024-04-05T10:26:52","guid":{"rendered":"https:\/\/zamanturkmenistan.com.tm\/?p=104082"},"modified":"2024-04-05T15:26:52","modified_gmt":"2024-04-05T10:26:52","slug":"turkmenistanda-tir-epd-ulgamy-ornasdyryldy","status":"publish","type":"post","link":"https:\/\/zamanturkmenistan.com.tm\/?p=104082","title":{"rendered":"T\u00fcrkmenistanda TIR-EPD ulgamy orna\u015fdyryldy"},"content":{"rendered":"<p>Sanlyla\u015fdyrma d\u00fc\u015f\u00fcnjesini\u0148 bir b\u00f6legi h\u00f6km\u00fcnde halkara \u00fd\u00fckleri\u0148 \u00fdurdu\u0148 g\u00fcmr\u00fck serhetlerinden ge\u00e7megini \u00fd\u00f6neke\u00fdle\u015fdirm\u00e4ge we \u00e7altla\u015fdyrmaga k\u00f6mek ed\u00fd\u00e4n \u201cTIR-EPD\u201d ulgamy orna\u015fdyryldy. Bu barada T\u00fcrkmenistany\u0148 D\u00f6wlet g\u00fcmr\u00fck gullugyny\u0148 internet sahypasynda habar beril\u00fd\u00e4r.<br \/>\n\u201cTIR-EPD\u201d ulgamy, T\u00fcrkmenistana iberilen we onu\u0148 \u00e7\u00e4ginden ge\u00e7\u00fd\u00e4n harytlar we ulaglar barada deslapky maglumatlary al\u00fdar we \u015fu\u0148a me\u0148ze\u015f maglumatlar \u201cTIR Karnetini ulanyp halkara harytlary da\u015famak bo\u00fdun\u00e7a g\u00fcmr\u00fck konwensi\u00fdasyna\u201d agza \u00fdurtlary\u0148 g\u00fcmr\u00fck edaralaryna iberil\u00fd\u00e4r.<br \/>\nBu halkara \u00fcpj\u00fcn\u00e7ilik zynjyrlaryny\u0148 ygtybarlylygyny \u00fcpj\u00fcn ed\u00fd\u00e4r we konwensi\u00fda gatna\u015f\u00fdan \u00fdurtlara t\u00fcrkmen harytlaryny\u0148 p\u00e4sgel\u00e7iliksiz iberilmegini a\u0148satla\u015fdyr\u00fdar.<br \/>\nH\u00e4zirki wagtda T\u00fcrkmenistany\u0148 D\u00f6wlet g\u00fcmr\u00fck gullugy bu ulgamy e-TIR ulgamy bilen utga\u015fdyrmak ugrunda i\u015f alyp bar\u00fdar we durmu\u015fa ge\u00e7irilmegi bilen serhetlerd\u00e4ki harytlary g\u00fcmr\u00fck ta\u00fddan resmile\u015fdirmek doly awtomatla\u015fdyrylar.<\/p>\n","protected":false},"excerpt":{"rendered":"<p>Sanlyla\u015fdyrma d\u00fc\u015f\u00fcnjesini\u0148 bir b\u00f6legi h\u00f6km\u00fcnde halkara \u00fd\u00fckleri\u0148 \u00fdurdu\u0148 g\u00fcmr\u00fck serhetlerinden ge\u00e7megini \u00fd\u00f6neke\u00fdle\u015fdirm\u00e4ge we \u00e7altla\u015fdyrmaga k\u00f6mek ed\u00fd\u00e4n \u201cTIR-EPD\u201d ulgamy orna\u015fdyryldy. Bu barada T\u00fcrkmenistany\u0148 D\u00f6wlet g\u00fcmr\u00fck gullugyny\u0148 internet sahypasynda habar beril\u00fd\u00e4r. \u201cTIR-EPD\u201d ulgamy, T\u00fcrkmenistana iberilen we onu\u0148 \u00e7\u00e4ginden ge\u00e7\u00fd\u00e4n harytlar we ulaglar barada deslapky maglumatlary al\u00fdar we \u015fu\u0148a me\u0148ze\u015f maglumatlar \u201cTIR Karnetini ulanyp halkara harytlary da\u015famak bo\u00fdun\u00e7a [&hellip;]<\/p>\n","protected":false},"author":2,"featured_media":104083,"comment_status":"open","ping_status":"closed","sticky":false,"template":"","format":"standard","meta":{"footnotes":""},"categories":[3],"tags":[],"acf":[],"_links":{"self":[{"href":"https:\/\/zamanturkmenistan.com.tm\/index.php?rest_route=\/wp\/v2\/posts\/104082"}],"collection":[{"href":"https:\/\/zamanturkmenistan.com.tm\/index.php?rest_route=\/wp\/v2\/posts"}],"about":[{"href":"https:\/\/zamanturkmenistan.com.tm\/index.php?rest_route=\/wp\/v2\/types\/post"}],"author":[{"embeddable":true,"href":"https:\/\/zamanturkmenistan.com.tm\/index.php?rest_route=\/wp\/v2\/users\/2"}],"replies":[{"embeddable":true,"href":"https:\/\/zamanturkmenistan.com.tm\/index.php?rest_route=%2Fwp%2Fv2%2Fcomments&post=104082"}],"version-history":[{"count":1,"href":"https:\/\/zamanturkmenistan.com.tm\/index.php?rest_route=\/wp\/v2\/posts\/104082\/revisions"}],"predecessor-version":[{"id":104084,"href":"https:\/\/zamanturkmenistan.com.tm\/index.php?rest_route=\/wp\/v2\/posts\/104082\/revisions\/104084"}],"wp:featuredmedia":[{"embeddable":true,"href":"https:\/\/zamanturkmenistan.com.tm\/index.php?rest_route=\/wp\/v2\/media\/104083"}],"wp:attachment":[{"href":"https:\/\/zamanturkmenistan.com.tm\/index.php?rest_route=%2Fwp%2Fv2%2Fmedia&parent=104082"}],"wp:term":[{"taxonomy":"category","embeddable":true,"href":"https:\/\/zamanturkmenistan.com.tm\/index.php?rest_route=%2Fwp%2Fv2%2Fcategories&post=104082"},{"taxonomy":"post_tag","embeddable":true,"href":"https:\/\/zamanturkmenistan.com.tm\/index.php?rest_route=%2Fwp%2Fv2%2Ftags&post=104082"}],"curies":[{"name":"wp","href":"https:\/\/api.w.org\/{rel}","templated":true}]}}