{"id":104085,"date":"2024-04-05T15:29:26","date_gmt":"2024-04-05T10:29:26","guid":{"rendered":"https:\/\/zamanturkmenistan.com.tm\/?p=104085"},"modified":"2024-04-05T15:29:26","modified_gmt":"2024-04-05T10:29:26","slug":"asgabatdaky-eyranyn-medeniyet-merkezinde-altyndan-bezeg-eserlerinin-sergisi-acyldy","status":"publish","type":"post","link":"https:\/\/zamanturkmenistan.com.tm\/?p=104085","title":{"rendered":"A\u015fgabatdaky E\u00fdrany\u0148 Medeni\u00fdet merkezinde altyndan bezeg eserlerini\u0148 sergisi a\u00e7yldy"},"content":{"rendered":"<p>4-nji aprelde E\u00fdran Yslam Respublikasyny\u0148 Medeni\u00fdet merkezinde miniat\u00fdura sungatyny\u0148, kaligrafi\u00fdany\u0148 we altyndan bezeg eserlerini\u0148 aja\u00fdyp sergisi a\u00e7yldy.<br \/>\nSerg\u00e4 E\u00fdrandan gelen myhmanlar, altyn \u00e7a\u00fdmak sungaty bo\u00fdun\u00e7a \u00fda-da kitaby\u0148 da\u015fyna bezeg bermek bo\u00fdun\u00e7a h\u00fcn\u00e4rmen Fatame P\u00e4r\u00e4st\u00e4nde Hi\u00fdal, kaligrafi\u00fda (\u017eiwopis) sungaty bo\u00fdun\u00e7a h\u00fcn\u00e4rmen Hadi\u00fde Se\u00fded Hani, E\u00fdran Yslam Respublikasyny\u0148 T\u00fcrkmenistandaky medeni\u00fdet meseleleri bo\u00fdun\u00e7a ge\u0148e\u015f\u00e7isi Nawid Rasuli, il\u00e7ihanany\u0148 i\u015fg\u00e4rleri, T\u00fcrkmenistany\u0148 Suratke\u015fler birle\u015figini\u0148 ba\u015flygy \u00c7.\u00ddazmyradow, T\u00fcrkmenistany\u0148 D\u00f6wlet \u00e7eper\u00e7ilik akademi\u00fdasyny\u0148 mugallymlarydyr talyp \u00fda\u015flary, hormatly myhmanlar, Medeni\u00fdet merkezini\u0148 pars dili \u00f6wrenijileri hem-de E\u00fdrany\u0148 T\u00fcrkmenistanda \u00fda\u015fa\u00fdan ra\u00fdatlary gatna\u015fdylar.<br \/>\nMyhmanlara ruhy ta\u00fddan lezzet bermek \u00fc\u00e7in guralan sergide Remezan a\u00fdy mynasybetli miniaturalar, kaligrafi\u00fdalar, E\u00fdrandan gelen h\u00fcn\u00e4rmenleri\u0148 d\u00fcrli eserleri g\u00f6rkezildi.<br \/>\nSergini\u0148 \u00e7\u00e4klerinde h\u00fcn\u00e4rmenler \u00f6zlerini\u0148 kaligrafi\u00fdalary n\u00e4hili usullar bilen ta\u00fd\u00fdarla\u00fdandyklary barada serg\u00e4 gatna\u015fanlara g\u00fcrr\u00fc\u0148 berdiler.<br \/>\n\u00abSergid\u00e4ki kaligrafi\u00fdalar birn\u00e4\u00e7e \u00fdyllary\u0148 dowamynda \u00f6z durkuny \u00fditirme\u00fd\u00e4r. Seb\u00e4bi kaligrafi\u00fda \u00fc\u00e7in kagyzlar birn\u00e4\u00e7e etapda, elde ta\u00fd\u00fdarlanyl\u00fdar. Olara \u00fdyllar ge\u00e7se-de, zeper \u00fdetme\u00fd\u00e4ndigini\u0148 esasy seb\u00e4bi, kagyzlar ta\u00fd\u00fdarlanylanda basylyp, i\u00e7ini\u0148 howasy dolulygyna \u00e7ykaryl\u00fdar. Kagyz takmynan 6 a\u00fdda ta\u00fd\u00fdar bol\u00fdar\u00bb di\u00fdip, h\u00fcn\u00e4rmen Hadi\u00fde Se\u00fded Hany a\u00fdtdy.<\/p>\n","protected":false},"excerpt":{"rendered":"<p>4-nji aprelde E\u00fdran Yslam Respublikasyny\u0148 Medeni\u00fdet merkezinde miniat\u00fdura sungatyny\u0148, kaligrafi\u00fdany\u0148 we altyndan bezeg eserlerini\u0148 aja\u00fdyp sergisi a\u00e7yldy. Serg\u00e4 E\u00fdrandan gelen myhmanlar, altyn \u00e7a\u00fdmak sungaty bo\u00fdun\u00e7a \u00fda-da kitaby\u0148 da\u015fyna bezeg bermek bo\u00fdun\u00e7a h\u00fcn\u00e4rmen Fatame P\u00e4r\u00e4st\u00e4nde Hi\u00fdal, kaligrafi\u00fda (\u017eiwopis) sungaty bo\u00fdun\u00e7a h\u00fcn\u00e4rmen Hadi\u00fde Se\u00fded Hani, E\u00fdran Yslam Respublikasyny\u0148 T\u00fcrkmenistandaky medeni\u00fdet meseleleri bo\u00fdun\u00e7a ge\u0148e\u015f\u00e7isi Nawid Rasuli, il\u00e7ihanany\u0148 i\u015fg\u00e4rleri, [&hellip;]<\/p>\n","protected":false},"author":2,"featured_media":104086,"comment_status":"open","ping_status":"closed","sticky":false,"template":"","format":"standard","meta":{"footnotes":""},"categories":[3],"tags":[],"acf":[],"_links":{"self":[{"href":"https:\/\/zamanturkmenistan.com.tm\/index.php?rest_route=\/wp\/v2\/posts\/104085"}],"collection":[{"href":"https:\/\/zamanturkmenistan.com.tm\/index.php?rest_route=\/wp\/v2\/posts"}],"about":[{"href":"https:\/\/zamanturkmenistan.com.tm\/index.php?rest_route=\/wp\/v2\/types\/post"}],"author":[{"embeddable":true,"href":"https:\/\/zamanturkmenistan.com.tm\/index.php?rest_route=\/wp\/v2\/users\/2"}],"replies":[{"embeddable":true,"href":"https:\/\/zamanturkmenistan.com.tm\/index.php?rest_route=%2Fwp%2Fv2%2Fcomments&post=104085"}],"version-history":[{"count":1,"href":"https:\/\/zamanturkmenistan.com.tm\/index.php?rest_route=\/wp\/v2\/posts\/104085\/revisions"}],"predecessor-version":[{"id":104087,"href":"https:\/\/zamanturkmenistan.com.tm\/index.php?rest_route=\/wp\/v2\/posts\/104085\/revisions\/104087"}],"wp:featuredmedia":[{"embeddable":true,"href":"https:\/\/zamanturkmenistan.com.tm\/index.php?rest_route=\/wp\/v2\/media\/104086"}],"wp:attachment":[{"href":"https:\/\/zamanturkmenistan.com.tm\/index.php?rest_route=%2Fwp%2Fv2%2Fmedia&parent=104085"}],"wp:term":[{"taxonomy":"category","embeddable":true,"href":"https:\/\/zamanturkmenistan.com.tm\/index.php?rest_route=%2Fwp%2Fv2%2Fcategories&post=104085"},{"taxonomy":"post_tag","embeddable":true,"href":"https:\/\/zamanturkmenistan.com.tm\/index.php?rest_route=%2Fwp%2Fv2%2Ftags&post=104085"}],"curies":[{"name":"wp","href":"https:\/\/api.w.org\/{rel}","templated":true}]}}