{"id":104146,"date":"2024-04-06T09:28:36","date_gmt":"2024-04-06T04:28:36","guid":{"rendered":"https:\/\/zamanturkmenistan.com.tm\/?p=104146"},"modified":"2024-04-06T09:28:36","modified_gmt":"2024-04-06T04:28:36","slug":"mubarek-gadyr-gijesi-mynasybetli-yurdumyzyn-welayatlarynda-taze-metjitler-acyldy","status":"publish","type":"post","link":"https:\/\/zamanturkmenistan.com.tm\/?p=104146","title":{"rendered":"M\u00fcb\u00e4rek Gadyr gijesi mynasybetli \u00fdurdumyzy\u0148 wela\u00fdatlarynda t\u00e4ze metjitler a\u00e7yldy"},"content":{"rendered":"<p>Mukaddes Remezan a\u00fdyny\u0148 m\u00fcb\u00e4rek Gadyr gijesi mynasybetli \u00fdurdumyzy\u0148 Balkanabat \u015f\u00e4herini\u0148 kenar\u00fdaka Hazar \u015f\u00e4her\u00e7esinde, Da\u015foguz wela\u00fdatyny\u0148 Ruhubelent etrabyny\u0148 merkezinde, Lebap wela\u00fdatyny\u0148 Hojambaz etrabyny\u0148 D\u00f6wletli \u015f\u00e4her\u00e7esinde we Mary wela\u00fdatyny\u0148 Sakar\u00e7\u00e4ge etrabyny\u0148 \u015eatlyk \u015f\u00e4her\u00e7esinde t\u00e4ze gurlan metjitler gapylaryny gi\u0148den a\u00e7dy.<br \/>\nH\u00e4zirki zaman \u015f\u00e4her gurlu\u015fygyny\u0148, binag\u00e4rlik sungatyny\u0148 t\u00e4ze tejribelerini\u0148 milli \u00fd\u00f6relgeler bilen utga\u015fdyrylmagynda gurlan metjidi\u0148 gurlu\u015fyk i\u015flerini \u00fdurdumyzy\u0148 hususy k\u00e4rhnalary\u0148 i\u015f\u00e7i-h\u00fcn\u00e4rmenleri alyp bardylar.<br \/>\nEziz Di\u00fdarymyzy\u0148 wela\u00fdatlaryny\u0148 t\u00e4ze a\u00e7ylan metjitlerinde agzybirlikde Tarawa namazlary okaldy.<\/p>\n","protected":false},"excerpt":{"rendered":"<p>Mukaddes Remezan a\u00fdyny\u0148 m\u00fcb\u00e4rek Gadyr gijesi mynasybetli \u00fdurdumyzy\u0148 Balkanabat \u015f\u00e4herini\u0148 kenar\u00fdaka Hazar \u015f\u00e4her\u00e7esinde, Da\u015foguz wela\u00fdatyny\u0148 Ruhubelent etrabyny\u0148 merkezinde, Lebap wela\u00fdatyny\u0148 Hojambaz etrabyny\u0148 D\u00f6wletli \u015f\u00e4her\u00e7esinde we Mary wela\u00fdatyny\u0148 Sakar\u00e7\u00e4ge etrabyny\u0148 \u015eatlyk \u015f\u00e4her\u00e7esinde t\u00e4ze gurlan metjitler gapylaryny gi\u0148den a\u00e7dy. H\u00e4zirki zaman \u015f\u00e4her gurlu\u015fygyny\u0148, binag\u00e4rlik sungatyny\u0148 t\u00e4ze tejribelerini\u0148 milli \u00fd\u00f6relgeler bilen utga\u015fdyrylmagynda gurlan metjidi\u0148 gurlu\u015fyk i\u015flerini \u00fdurdumyzy\u0148 hususy [&hellip;]<\/p>\n","protected":false},"author":2,"featured_media":104147,"comment_status":"open","ping_status":"closed","sticky":false,"template":"","format":"standard","meta":{"footnotes":""},"categories":[3],"tags":[],"acf":[],"_links":{"self":[{"href":"https:\/\/zamanturkmenistan.com.tm\/index.php?rest_route=\/wp\/v2\/posts\/104146"}],"collection":[{"href":"https:\/\/zamanturkmenistan.com.tm\/index.php?rest_route=\/wp\/v2\/posts"}],"about":[{"href":"https:\/\/zamanturkmenistan.com.tm\/index.php?rest_route=\/wp\/v2\/types\/post"}],"author":[{"embeddable":true,"href":"https:\/\/zamanturkmenistan.com.tm\/index.php?rest_route=\/wp\/v2\/users\/2"}],"replies":[{"embeddable":true,"href":"https:\/\/zamanturkmenistan.com.tm\/index.php?rest_route=%2Fwp%2Fv2%2Fcomments&post=104146"}],"version-history":[{"count":1,"href":"https:\/\/zamanturkmenistan.com.tm\/index.php?rest_route=\/wp\/v2\/posts\/104146\/revisions"}],"predecessor-version":[{"id":104148,"href":"https:\/\/zamanturkmenistan.com.tm\/index.php?rest_route=\/wp\/v2\/posts\/104146\/revisions\/104148"}],"wp:featuredmedia":[{"embeddable":true,"href":"https:\/\/zamanturkmenistan.com.tm\/index.php?rest_route=\/wp\/v2\/media\/104147"}],"wp:attachment":[{"href":"https:\/\/zamanturkmenistan.com.tm\/index.php?rest_route=%2Fwp%2Fv2%2Fmedia&parent=104146"}],"wp:term":[{"taxonomy":"category","embeddable":true,"href":"https:\/\/zamanturkmenistan.com.tm\/index.php?rest_route=%2Fwp%2Fv2%2Fcategories&post=104146"},{"taxonomy":"post_tag","embeddable":true,"href":"https:\/\/zamanturkmenistan.com.tm\/index.php?rest_route=%2Fwp%2Fv2%2Ftags&post=104146"}],"curies":[{"name":"wp","href":"https:\/\/api.w.org\/{rel}","templated":true}]}}