{"id":104200,"date":"2024-04-05T12:26:35","date_gmt":"2024-04-05T07:26:35","guid":{"rendered":"https:\/\/zamanturkmenistan.com.tm\/?p=104200"},"modified":"2024-04-06T12:28:11","modified_gmt":"2024-04-06T07:28:11","slug":"syyahatcylar-ucin-tolegli-bolar","status":"publish","type":"post","link":"https:\/\/zamanturkmenistan.com.tm\/syyahatcylar-ucin-tolegli-bolar\/","title":{"rendered":"Sy\u00fdahat\u00e7ylar \u00fc\u00e7in t\u00f6legli bolar"},"content":{"rendered":"<p>Itali\u00fdany\u0148 i\u0148 me\u015fhur \u015f\u00e4herlerini\u0148 biri bolan Wenesi\u00fda giri\u015f 25-nji aprelden ba\u015flap, sy\u00fdahat\u00e7ylar \u00fc\u00e7in t\u00f6legli bolar. \u015e\u00e4her sy\u00fdahat\u00e7ylyk m\u00f6ws\u00fcmini\u0148 ba\u015flamagy bilen a\u015fa k\u00f6p adamly bol\u00fdar. \u015eol seb\u00e4pli bir g\u00fcnl\u00fcgine bar\u00fdan sy\u00fdahat\u00e7ylardan 5 \u00fdewro t\u00f6leg alnar. \u015e\u00e4heri\u0148 \u00fderli h\u00e4kimi\u00fdetini\u0148 \u00fdolba\u015f\u00e7ysy Luiji Brugnaro d\u00fcn\u00fd\u00e4ni\u0148 i\u0148 \u00e4hmi\u00fdetli taryhy \u015f\u00e4herini goramalydyklaryna \u00fcnsi \u00e7ekdi. Bu t\u00f6leg \u015f\u00e4here di\u0148e g\u00fcnin girip \u00e7ykjak sy\u00fdahat\u00e7ylara degi\u015fli bolar. \u015e\u00e4heri\u0148 i\u00e7ind\u00e4ki myhmanhanada boljaklar, 14 \u00fda\u015fyndan ki\u00e7iler, sport \u00e7\u00e4relerine gatna\u015f\u00fdan t\u00fcrgenler, synp \u00fdolba\u015f\u00e7ylara bilen gezelenje bar\u00fdan mekdep okuw\u00e7ylary \u00fc\u00e7in giri\u015f t\u00f6legsiz bolar. Synag maksady bilen \u00fdola go\u00fdlan d\u00fczg\u00fcn i\u00fduly\u0148 ikinji hepdesine \u00e7enli dowam eder. Giri\u015f t\u00f6legi \u201cContributo di Accesso a Venezia\u201d atly internet salgysyndan t\u00f6lener.<\/p>\n<p style=\"text-align: right;\"><strong>Nurmyrat Numadow, T\u00fcrkmen d\u00f6wlet mali\u00fde institutyny\u0148 talyby.<\/strong><\/p>\n","protected":false},"excerpt":{"rendered":"<p>Itali\u00fdany\u0148 i\u0148 me\u015fhur \u015f\u00e4herlerini\u0148 biri bolan Wenesi\u00fda giri\u015f 25-nji aprelden ba\u015flap, sy\u00fdahat\u00e7ylar \u00fc\u00e7in t\u00f6legli bolar. \u015e\u00e4her sy\u00fdahat\u00e7ylyk m\u00f6ws\u00fcmini\u0148 ba\u015flamagy bilen a\u015fa k\u00f6p adamly bol\u00fdar. \u015eol seb\u00e4pli bir g\u00fcnl\u00fcgine bar\u00fdan sy\u00fdahat\u00e7ylardan 5 \u00fdewro t\u00f6leg alnar. \u015e\u00e4heri\u0148 \u00fderli h\u00e4kimi\u00fdetini\u0148 \u00fdolba\u015f\u00e7ysy Luiji Brugnaro d\u00fcn\u00fd\u00e4ni\u0148 i\u0148 \u00e4hmi\u00fdetli taryhy \u015f\u00e4herini goramalydyklaryna \u00fcnsi \u00e7ekdi. Bu t\u00f6leg \u015f\u00e4here di\u0148e g\u00fcnin girip \u00e7ykjak [&hellip;]<\/p>\n","protected":false},"author":2,"featured_media":104201,"comment_status":"open","ping_status":"closed","sticky":false,"template":"","format":"standard","meta":{"footnotes":""},"categories":[5],"tags":[],"class_list":["post-104200","post","type-post","status-publish","format-standard","has-post-thumbnail","hentry","category-2dunya","format-default"],"_links":{"self":[{"href":"https:\/\/zamanturkmenistan.com.tm\/wp-json\/wp\/v2\/posts\/104200","targetHints":{"allow":["GET"]}}],"collection":[{"href":"https:\/\/zamanturkmenistan.com.tm\/wp-json\/wp\/v2\/posts"}],"about":[{"href":"https:\/\/zamanturkmenistan.com.tm\/wp-json\/wp\/v2\/types\/post"}],"author":[{"embeddable":true,"href":"https:\/\/zamanturkmenistan.com.tm\/wp-json\/wp\/v2\/users\/2"}],"replies":[{"embeddable":true,"href":"https:\/\/zamanturkmenistan.com.tm\/wp-json\/wp\/v2\/comments?post=104200"}],"version-history":[{"count":1,"href":"https:\/\/zamanturkmenistan.com.tm\/wp-json\/wp\/v2\/posts\/104200\/revisions"}],"predecessor-version":[{"id":104202,"href":"https:\/\/zamanturkmenistan.com.tm\/wp-json\/wp\/v2\/posts\/104200\/revisions\/104202"}],"wp:featuredmedia":[{"embeddable":true,"href":"https:\/\/zamanturkmenistan.com.tm\/wp-json\/wp\/v2\/media\/104201"}],"wp:attachment":[{"href":"https:\/\/zamanturkmenistan.com.tm\/wp-json\/wp\/v2\/media?parent=104200"}],"wp:term":[{"taxonomy":"category","embeddable":true,"href":"https:\/\/zamanturkmenistan.com.tm\/wp-json\/wp\/v2\/categories?post=104200"},{"taxonomy":"post_tag","embeddable":true,"href":"https:\/\/zamanturkmenistan.com.tm\/wp-json\/wp\/v2\/tags?post=104200"}],"curies":[{"name":"wp","href":"https:\/\/api.w.org\/{rel}","templated":true}]}}