{"id":104249,"date":"2024-04-07T14:03:40","date_gmt":"2024-04-07T09:03:40","guid":{"rendered":"https:\/\/zamanturkmenistan.com.tm\/?p=104249"},"modified":"2024-04-07T14:03:40","modified_gmt":"2024-04-07T09:03:40","slug":"kopculikleyin-welosipedli-yoris-gecirildi-2","status":"publish","type":"post","link":"https:\/\/zamanturkmenistan.com.tm\/?p=104249","title":{"rendered":"K\u00f6p\u00e7\u00fclikle\u00fdin welosipedli \u00fd\u00f6ri\u015f ge\u00e7irildi"},"content":{"rendered":"<p>\u015eu g\u00fcn pa\u00fdtagtymyzda hormatly Prezidentimiz Serdar Berdimuhamedowy\u0148 gatna\u015fmagynda B\u00fctind\u00fcn\u00fd\u00e4 saglyk g\u00fcni mynasybetli k\u00f6p\u00e7\u00fclikle\u00fdin welosipedli \u00fd\u00f6ri\u015fi ge\u00e7irildi.<br \/>\n\u015ee\u00fdle hem \u015fu g\u00fcn B\u00fctind\u00fcn\u00fd\u00e4 saglyk g\u00fcni mynasybetli welosipedli \u00fd\u00f6ri\u015fler Arkadag \u015f\u00e4herinde we \u00fdurdumyzy\u0148 \u00e4hli wela\u00fdatlarynda guraldy. Bu sene mynasybetli \u00fdurdumyzda \u201ctegelek stol\u201d maslahatlary, du\u015fu\u015fyklar, ylmy-amaly maslahatlar, sportu\u0148 d\u00fcrli g\u00f6rn\u00fc\u015fleri bo\u00fdun\u00e7a \u00fdary\u015flar we g\u00f6rkezme \u00e7yky\u015flary, wagyz-nesihat, bedenterbi\u00fde-sagaldy\u015f we medeni \u00e7\u00e4reler ge\u00e7irildi. Bu \u00e7\u00e4reler bilim al\u00fdan \u00fda\u015flary, edara-k\u00e4rhanalary\u0148 i\u015fg\u00e4rlerini, t\u00fcrgenleri bir \u00fdere jemledi. Bu aja\u00fdyp ba\u00fdrama bagy\u015flanyp tele we radio geple\u015fikler ta\u00fd\u00fdarlanyldy, k\u00f6p\u00e7\u00fclikle\u00fdin habar beri\u015f seri\u015fdelerinde makalalar \u00e7ap edildi.<\/p>\n","protected":false},"excerpt":{"rendered":"<p>\u015eu g\u00fcn pa\u00fdtagtymyzda hormatly Prezidentimiz Serdar Berdimuhamedowy\u0148 gatna\u015fmagynda B\u00fctind\u00fcn\u00fd\u00e4 saglyk g\u00fcni mynasybetli k\u00f6p\u00e7\u00fclikle\u00fdin welosipedli \u00fd\u00f6ri\u015fi ge\u00e7irildi. \u015ee\u00fdle hem \u015fu g\u00fcn B\u00fctind\u00fcn\u00fd\u00e4 saglyk g\u00fcni mynasybetli welosipedli \u00fd\u00f6ri\u015fler Arkadag \u015f\u00e4herinde we \u00fdurdumyzy\u0148 \u00e4hli wela\u00fdatlarynda guraldy. Bu sene mynasybetli \u00fdurdumyzda \u201ctegelek stol\u201d maslahatlary, du\u015fu\u015fyklar, ylmy-amaly maslahatlar, sportu\u0148 d\u00fcrli g\u00f6rn\u00fc\u015fleri bo\u00fdun\u00e7a \u00fdary\u015flar we g\u00f6rkezme \u00e7yky\u015flary, wagyz-nesihat, bedenterbi\u00fde-sagaldy\u015f we medeni [&hellip;]<\/p>\n","protected":false},"author":2,"featured_media":104250,"comment_status":"open","ping_status":"closed","sticky":false,"template":"","format":"standard","meta":{"footnotes":""},"categories":[3],"tags":[],"acf":[],"_links":{"self":[{"href":"https:\/\/zamanturkmenistan.com.tm\/index.php?rest_route=\/wp\/v2\/posts\/104249"}],"collection":[{"href":"https:\/\/zamanturkmenistan.com.tm\/index.php?rest_route=\/wp\/v2\/posts"}],"about":[{"href":"https:\/\/zamanturkmenistan.com.tm\/index.php?rest_route=\/wp\/v2\/types\/post"}],"author":[{"embeddable":true,"href":"https:\/\/zamanturkmenistan.com.tm\/index.php?rest_route=\/wp\/v2\/users\/2"}],"replies":[{"embeddable":true,"href":"https:\/\/zamanturkmenistan.com.tm\/index.php?rest_route=%2Fwp%2Fv2%2Fcomments&post=104249"}],"version-history":[{"count":1,"href":"https:\/\/zamanturkmenistan.com.tm\/index.php?rest_route=\/wp\/v2\/posts\/104249\/revisions"}],"predecessor-version":[{"id":104251,"href":"https:\/\/zamanturkmenistan.com.tm\/index.php?rest_route=\/wp\/v2\/posts\/104249\/revisions\/104251"}],"wp:featuredmedia":[{"embeddable":true,"href":"https:\/\/zamanturkmenistan.com.tm\/index.php?rest_route=\/wp\/v2\/media\/104250"}],"wp:attachment":[{"href":"https:\/\/zamanturkmenistan.com.tm\/index.php?rest_route=%2Fwp%2Fv2%2Fmedia&parent=104249"}],"wp:term":[{"taxonomy":"category","embeddable":true,"href":"https:\/\/zamanturkmenistan.com.tm\/index.php?rest_route=%2Fwp%2Fv2%2Fcategories&post=104249"},{"taxonomy":"post_tag","embeddable":true,"href":"https:\/\/zamanturkmenistan.com.tm\/index.php?rest_route=%2Fwp%2Fv2%2Ftags&post=104249"}],"curies":[{"name":"wp","href":"https:\/\/api.w.org\/{rel}","templated":true}]}}