{"id":10441,"date":"2017-10-30T09:49:54","date_gmt":"2017-10-30T04:49:54","guid":{"rendered":"http:\/\/zamanturkmenistan.com\/?p=10441"},"modified":"2017-10-30T09:49:54","modified_gmt":"2017-10-30T04:49:54","slug":"kubogyn-finaly-ahal-sagadam","status":"publish","type":"post","link":"https:\/\/zamanturkmenistan.com.tm\/?p=10441","title":{"rendered":"Kubogy\u0148 finaly: \u201cAhal\u201d\u2013\u201c\u015eagadam\u201d"},"content":{"rendered":"<p>Fut\u00adbol bo\u00ad\u00fdun\u00ad\u00e7a T\u00fcrk\u00adme\u00adnis\u00adta\u00adny\u0148 ku\u00adbo\u00adgy\u00adny\u0148 \u015fu \u00fdyl\u00adky \u00fde\u00ad\u0148i\u00adji\u00adsi 28-nji okt\u00ad\u00fdabr\u00adda bel\u00adli bo\u00adlar. Pa\u00fd\u00adtag\u00adty\u00admyz\u00adda\u00adky \u201cK\u00f6\u00adpet\u00addag\u201d sta\u00addio\u00adnyn\u00adda o\u00fd\u00adnal\u00adjak fi\u00adnal\u00adda \u201cAhal\u201d bi\u00adlen \u201c\u015ea\u00adga\u00addam\u201d to\u00adpar\u00adla\u00adry du\u00ad\u015fu\u00ad\u015far\u00adlar. Bu fi\u00adnal o\u00fd\u00adny 16:00-da ba\u015f\u00adla\u00adnar. \u00dda\u00adrym fi\u00adnal\u00adda g\u00fc\u00fd\u00ad\u00e7li gar\u00ad\u015fy\u00adda\u00ad\u015fy \u201cAl\u00adtyn asyr\u00addan\u201d \u00fcs\u00adt\u00fcn \u00e7y\u00adkan \u201cAhal\u201d to\u00adpa\u00adry 3-nji ge\u00adzek fi\u00adnal\u00adda \u00e7y\u00adky\u015f et\u00adse, \u201c\u015ea\u00adga\u00addam\u201d 4-nji sa\u00adpar fi\u00adnal\u00adda o\u00fd\u00adnar. Iki to\u00adpa\u00adry\u0148 mun\u00addan \u00f6\u0148\u00adki fi\u00adnal\u00adla\u00adry\u00adna ser sa\u00adla\u00adny\u00admyz\u00adda, \u201cAhal\u201d 2013-nji \u00fdyl\u00adda \u201cAl\u00adtyn asyr\u00addan\u201d 2\u20131, 2014-nji \u00fdyl\u00adda-da \u201cBal\u00adkan\u00addan\u201d 3\u20132 ha\u00adsa\u00adbyn\u00adda \u00fcs\u00adt\u00fcn \u00e7y\u00adkyp, ku\u00adbo\u00adgy 2 ge\u00adzek alyp\u00addy. \u201c\u015ea\u00adga\u00addam\u201d to\u00adpa\u00adry 2002-nji \u00fdyl\u00adda \u201cGa\u00adra\u00adgum\u00addan\u201d pe\u00adnal\u00adti\u00adler\u00adden so\u0148 as\u00adgyn ge\u00adlen bol\u00adsa, 2007-nji \u00fdyl\u00adda \u201cMer\u00adwi\u201d go\u015f\u00adma\u00ad\u00e7a wagt\u00adda 1\u20130 ha\u00adsa\u00adbyn\u00adda utup\u00addy. Ke\u00adnar\u00ad\u00fda\u00adka \u015f\u00e4\u00adhe\u00adri\u00adni\u0148 fut\u00adbol\u00ad\u00e7y\u00adla\u00adry 2015-nji \u00fdyl\u00adda-da esa\u00adsy wag\u00adty 0\u20130 gu\u00adta\u00adran du\u00ad\u015fu\u00ad\u015fyk\u00adda \u201cAl\u00adtyn asyr\u00addan\u201d pe\u00adnal\u00adti ur\u00adgu\u00adla\u00adryn\u00addan so\u0148, 7\u20136 ha\u00adsa\u00adbyn\u00adda \u00fde\u0148\u00adlip\u00addi.<\/p>\n","protected":false},"excerpt":{"rendered":"<p>Fut\u00adbol bo\u00ad\u00fdun\u00ad\u00e7a T\u00fcrk\u00adme\u00adnis\u00adta\u00adny\u0148 ku\u00adbo\u00adgy\u00adny\u0148 \u015fu \u00fdyl\u00adky \u00fde\u00ad\u0148i\u00adji\u00adsi 28-nji okt\u00ad\u00fdabr\u00adda bel\u00adli bo\u00adlar. Pa\u00fd\u00adtag\u00adty\u00admyz\u00adda\u00adky \u201cK\u00f6\u00adpet\u00addag\u201d sta\u00addio\u00adnyn\u00adda o\u00fd\u00adnal\u00adjak fi\u00adnal\u00adda \u201cAhal\u201d bi\u00adlen \u201c\u015ea\u00adga\u00addam\u201d to\u00adpar\u00adla\u00adry du\u00ad\u015fu\u00ad\u015far\u00adlar. Bu fi\u00adnal o\u00fd\u00adny 16:00-da ba\u015f\u00adla\u00adnar. \u00dda\u00adrym fi\u00adnal\u00adda g\u00fc\u00fd\u00ad\u00e7li gar\u00ad\u015fy\u00adda\u00ad\u015fy \u201cAl\u00adtyn asyr\u00addan\u201d \u00fcs\u00adt\u00fcn \u00e7y\u00adkan \u201cAhal\u201d to\u00adpa\u00adry 3-nji ge\u00adzek fi\u00adnal\u00adda \u00e7y\u00adky\u015f et\u00adse, \u201c\u015ea\u00adga\u00addam\u201d 4-nji sa\u00adpar fi\u00adnal\u00adda o\u00fd\u00adnar. Iki to\u00adpa\u00adry\u0148 mun\u00addan \u00f6\u0148\u00adki fi\u00adnal\u00adla\u00adry\u00adna ser sa\u00adla\u00adny\u00admyz\u00adda, \u201cAhal\u201d 2013-nji [&hellip;]<\/p>\n","protected":false},"author":1,"featured_media":10442,"comment_status":"open","ping_status":"closed","sticky":false,"template":"","format":"standard","meta":{"footnotes":""},"categories":[13],"tags":[],"acf":[],"_links":{"self":[{"href":"https:\/\/zamanturkmenistan.com.tm\/index.php?rest_route=\/wp\/v2\/posts\/10441"}],"collection":[{"href":"https:\/\/zamanturkmenistan.com.tm\/index.php?rest_route=\/wp\/v2\/posts"}],"about":[{"href":"https:\/\/zamanturkmenistan.com.tm\/index.php?rest_route=\/wp\/v2\/types\/post"}],"author":[{"embeddable":true,"href":"https:\/\/zamanturkmenistan.com.tm\/index.php?rest_route=\/wp\/v2\/users\/1"}],"replies":[{"embeddable":true,"href":"https:\/\/zamanturkmenistan.com.tm\/index.php?rest_route=%2Fwp%2Fv2%2Fcomments&post=10441"}],"version-history":[{"count":0,"href":"https:\/\/zamanturkmenistan.com.tm\/index.php?rest_route=\/wp\/v2\/posts\/10441\/revisions"}],"wp:featuredmedia":[{"embeddable":true,"href":"https:\/\/zamanturkmenistan.com.tm\/index.php?rest_route=\/wp\/v2\/media\/10442"}],"wp:attachment":[{"href":"https:\/\/zamanturkmenistan.com.tm\/index.php?rest_route=%2Fwp%2Fv2%2Fmedia&parent=10441"}],"wp:term":[{"taxonomy":"category","embeddable":true,"href":"https:\/\/zamanturkmenistan.com.tm\/index.php?rest_route=%2Fwp%2Fv2%2Fcategories&post=10441"},{"taxonomy":"post_tag","embeddable":true,"href":"https:\/\/zamanturkmenistan.com.tm\/index.php?rest_route=%2Fwp%2Fv2%2Ftags&post=10441"}],"curies":[{"name":"wp","href":"https:\/\/api.w.org\/{rel}","templated":true}]}}