{"id":104742,"date":"2024-04-15T11:39:51","date_gmt":"2024-04-15T06:39:51","guid":{"rendered":"https:\/\/zamanturkmenistan.com.tm\/?p=104742"},"modified":"2024-04-15T11:39:51","modified_gmt":"2024-04-15T06:39:51","slug":"turkmenistan-we-abs-her-yylky-turkmen-amerikan-syyasy-genesmelerini-gecirdi","status":"publish","type":"post","link":"https:\/\/zamanturkmenistan.com.tm\/?p=104742","title":{"rendered":"T\u00fcrkmenistan we AB\u015e her \u00fdylky t\u00fcrkmen-amerikan sy\u00fdasy ge\u0148e\u015fmelerini ge\u00e7irdi"},"content":{"rendered":"<p>14-nji aprelde T\u00fcrkmenistany\u0148 Da\u015fary i\u015fler ministrliginde T\u00fcrkmenistan bilen AB\u015e-ny\u0148 arasynda \u00fdyllyk sy\u00fdasy ge\u0148e\u015fmeleri\u0148 nobatdaky tapgyry ge\u00e7irildi. Geple\u015fikleri\u0148 bar\u015fynda t\u00fcrkmen wekili\u00fdetine T\u00fcrkmenistany\u0148 Da\u015fary i\u015fler ministri Ra\u015fid Meredow, amerikan wekili\u00fdetine AB\u015e-ny\u0148 D\u00f6wlet sekretaryny\u0148 G\u00fcnorta we Merkezi Azi\u00fda bo\u00fdun\u00e7a k\u00f6mek\u00e7isini\u0148 orunbasary Jon Pommer\u015fa\u00fdm \u00fdolba\u015f\u00e7ylyk etdi.<br \/>\nDu\u015fu\u015fykda taraplar t\u00fcrkmen-amerikan gatna\u015fyklaryny\u0148 h\u00e4zirki \u00fdagda\u00fdyny we geljegini ara alyp maslahatla\u015fdylar hem-de halkara g\u00fcn tertibini\u0148 derwa\u00fdys meseleleri bo\u00fdun\u00e7a pikir aly\u015fdylar. \u015ee\u00fdle hem taraplar sebit we \u00e4hlumumy howpsuzlyk meselelerine garadylar. Sy\u00fdasy meseleler bilen bir hatarda, ikitarapla\u00fdyn hyzmatda\u015flygy\u0148 ileri tutul\u00fdan ugurlary h\u00f6km\u00fcnde s\u00f6wda-ykdysady gatna\u015fyklar, ekologi\u00fda, medeni\u00fdet, bilim we ynsanperwer meseleleri bellenildi. \u015eunu\u0148 bilen baglylykda T\u00fcrkmenistany\u0148 Bilim ministrliginde a\u00fdlyk \u00fdygnaklary ge\u00e7irmegi\u0148 we bilim pudagynda \u00fdol kartasyny tassyklamagy\u0148 wajyplygy bellenildi. \u015ee\u00fdle hem T\u00fcrkmenistany\u0148 we AB\u015e-ny\u0148 medeni we bilim maksatnamalaryna ikitarapla\u00fdyn gatna\u015fyklary\u0148 esasy ugurlaryny\u0148 biri h\u00f6km\u00fcnde ygrarlydyklaryny tassykla\u00fdan bilim pudagynda \u00f6zara d\u00fc\u015f\u00fcni\u015fmek barada \u00c4htnamany\u0148 \u00e4hmi\u00fdeti nygtaldy. Mundan ba\u015fga-da du\u015fu\u015fyga gatna\u015fyjylar C5+1 formatyndaky k\u00f6ptarapla\u00fdyn diplomatik me\u00fddan\u00e7any golda\u00fdandyklaryny tassykladylar.<br \/>\nGeple\u015fikleri\u0148 dowamynda taraplar ekologi\u00fda meseleleri \u00e7\u00f6zmegi\u0148 durnukly durmu\u015f-ykdysady \u00f6s\u00fc\u015fi\u0148 esasy \u015fertlerini\u0148 biri bolup dur\u00fdandygyny bellediler. Agzalan ugurda amerikan tarapy T\u00fcrkmenistany\u0148 \u00c4hlumumy metan bor\u00e7namasyna go\u015fulmagyny gutlady.<br \/>\nTaraplar parlamentara hyzmatda\u015flygyny\u0148 \u00fdola go\u00fdulmagyny\u0148 gatna\u015fyklary berkitmekde we m\u00f6h\u00fcm meseleleri \u00e7\u00f6zmekde utga\u015fdyrylan \u00e7emele\u015fmeleri \u00f6sd\u00fcrm\u00e4ge m\u00fcmkin\u00e7ilik berjekdigi barada ylala\u015fdylar.<br \/>\nDu\u015fu\u015fygy\u0148 ahyrynda taraplar \u00fdyllyk sy\u00fdasy ge\u0148e\u015fmeleri\u0148 t\u00fcrkmen-amerikan hyzmatda\u015flygyny mundan be\u00fdl\u00e4k hem berkitmegi\u0148 o\u0148yn h\u00e4si\u00fdetli me\u00fddan\u00e7asy bolup dur\u00fdandygyny nygtadylar.<\/p>\n","protected":false},"excerpt":{"rendered":"<p>14-nji aprelde T\u00fcrkmenistany\u0148 Da\u015fary i\u015fler ministrliginde T\u00fcrkmenistan bilen AB\u015e-ny\u0148 arasynda \u00fdyllyk sy\u00fdasy ge\u0148e\u015fmeleri\u0148 nobatdaky tapgyry ge\u00e7irildi. Geple\u015fikleri\u0148 bar\u015fynda t\u00fcrkmen wekili\u00fdetine T\u00fcrkmenistany\u0148 Da\u015fary i\u015fler ministri Ra\u015fid Meredow, amerikan wekili\u00fdetine AB\u015e-ny\u0148 D\u00f6wlet sekretaryny\u0148 G\u00fcnorta we Merkezi Azi\u00fda bo\u00fdun\u00e7a k\u00f6mek\u00e7isini\u0148 orunbasary Jon Pommer\u015fa\u00fdm \u00fdolba\u015f\u00e7ylyk etdi. Du\u015fu\u015fykda taraplar t\u00fcrkmen-amerikan gatna\u015fyklaryny\u0148 h\u00e4zirki \u00fdagda\u00fdyny we geljegini ara alyp maslahatla\u015fdylar hem-de halkara [&hellip;]<\/p>\n","protected":false},"author":2,"featured_media":104743,"comment_status":"open","ping_status":"closed","sticky":false,"template":"","format":"standard","meta":{"footnotes":""},"categories":[3],"tags":[],"acf":[],"_links":{"self":[{"href":"https:\/\/zamanturkmenistan.com.tm\/index.php?rest_route=\/wp\/v2\/posts\/104742"}],"collection":[{"href":"https:\/\/zamanturkmenistan.com.tm\/index.php?rest_route=\/wp\/v2\/posts"}],"about":[{"href":"https:\/\/zamanturkmenistan.com.tm\/index.php?rest_route=\/wp\/v2\/types\/post"}],"author":[{"embeddable":true,"href":"https:\/\/zamanturkmenistan.com.tm\/index.php?rest_route=\/wp\/v2\/users\/2"}],"replies":[{"embeddable":true,"href":"https:\/\/zamanturkmenistan.com.tm\/index.php?rest_route=%2Fwp%2Fv2%2Fcomments&post=104742"}],"version-history":[{"count":1,"href":"https:\/\/zamanturkmenistan.com.tm\/index.php?rest_route=\/wp\/v2\/posts\/104742\/revisions"}],"predecessor-version":[{"id":104744,"href":"https:\/\/zamanturkmenistan.com.tm\/index.php?rest_route=\/wp\/v2\/posts\/104742\/revisions\/104744"}],"wp:featuredmedia":[{"embeddable":true,"href":"https:\/\/zamanturkmenistan.com.tm\/index.php?rest_route=\/wp\/v2\/media\/104743"}],"wp:attachment":[{"href":"https:\/\/zamanturkmenistan.com.tm\/index.php?rest_route=%2Fwp%2Fv2%2Fmedia&parent=104742"}],"wp:term":[{"taxonomy":"category","embeddable":true,"href":"https:\/\/zamanturkmenistan.com.tm\/index.php?rest_route=%2Fwp%2Fv2%2Fcategories&post=104742"},{"taxonomy":"post_tag","embeddable":true,"href":"https:\/\/zamanturkmenistan.com.tm\/index.php?rest_route=%2Fwp%2Fv2%2Ftags&post=104742"}],"curies":[{"name":"wp","href":"https:\/\/api.w.org\/{rel}","templated":true}]}}