{"id":104779,"date":"2024-04-15T17:04:57","date_gmt":"2024-04-15T12:04:57","guid":{"rendered":"https:\/\/zamanturkmenistan.com.tm\/?p=104779"},"modified":"2024-04-15T17:04:57","modified_gmt":"2024-04-15T12:04:57","slug":"turkmenistanyn-wekiliyeti-aadhg-ma-strategik-dialogyn-ikinji-ministrler-dususygyna-gatnasdy","status":"publish","type":"post","link":"https:\/\/zamanturkmenistan.com.tm\/?p=104779","title":{"rendered":"T\u00fcrkmenistany\u0148 wekili\u00fdeti \u00abAADHG + MA\u00bb Strategik dialogy\u0148 Ikinji Ministrler du\u015fu\u015fygyna gatna\u015fdy"},"content":{"rendered":"<p>15-nji aprelde Da\u015fkent \u015f\u00e4herinde T\u00fcrkmenistany\u0148 Ministrler Kabinetini\u0148 Ba\u015flygyny\u0148 Orunbasary, Da\u015fary i\u015fler ministri R.Meredowy\u0148 \u00fdolba\u015f\u00e7ylygyndaky T\u00fcrkmenistany\u0148 wekili\u00fdeti \u00abA\u00fdlagdaky arap d\u00f6wletlerini\u0148 hyzmatda\u015flyk ge\u0148e\u015fi \u2014 Merkezi Azi\u00fda\u00bb (AADHG + MA) Strategik dialogy\u0148 Ikinji Ministrler du\u015fu\u015fygyna gatna\u015fdy.<br \/>\nForumy\u0148 i\u015fine Merkezi Azi\u00fda we A\u00fdlagdaky arap d\u00f6wletlerini\u0148 hyzmatda\u015flyk ge\u0148e\u015fine gir\u00fd\u00e4n 6 d\u00f6wleti\u0148 \u2013 Saud Arabystan Paty\u015falygyny\u0148, BAE-ni\u0148, Katar D\u00f6wletini\u0148, Kuwe\u00fdt D\u00f6wletini\u0148, Oman Soltanlygyny\u0148 we Bahre\u00fdn Paty\u015falygyny\u0148 da\u015fary sy\u00fdasat edaralaryny\u0148 \u00fdolba\u015f\u00e7ylary gatna\u015fdylar.<br \/>\nDu\u015fu\u015fyga gatna\u015fyjylar \u00abAADHG \u2013 Merkezi Azi\u00fda\u00bb formatyny\u0148 \u00e7\u00e4klerinde s\u00f6wda-ykdysady, ma\u00fda go\u00fdum, ulag-aragatna\u015fyk, medeni-ynsanperwer, da\u015fky gur\u015fawy goramak we sy\u00fdahat\u00e7ylyk \u00fdaly pudaklarda \u00f6zara b\u00e4hbitli we k\u00f6ptarapla\u00fdyn hyzmatda\u015flygy g\u00fc\u00fd\u00e7lendirmek meselelerini, \u015fe\u00fdle hem \u00ab2023\u20142027-nji \u00fdyllarda strategik kommunikasi\u00fda we hyzmatda\u015flyk bo\u00fdun\u00e7a Bilelikd\u00e4ki hereketleri\u0148 me\u00fdilnamasyny\u0148\u00bb durmu\u015fa ge\u00e7irili\u015f \u00fdagda\u00fdyny ara alyp maslahatla\u015fdylar.<br \/>\nForumy\u0148 \u00e7\u00e4klerinde h\u00e4zirki zaman halkara we sebit meseleleri, \u015fe\u00fdle hem 2025-nji \u00fdylda \u00d6zbegistanda ge\u00e7iriljek \u00abAADHG \u2013 Merkezi Azi\u00fda\u00bb sammitine ta\u00fd\u00fdarlyk meseleleri bo\u00fdun\u00e7a pikir al\u015fyldy.<br \/>\nT\u00fcrkmenistany\u0148 wekili\u00fdeti \u00f6z \u00e7yky\u015fynda ulag-aragatna\u015fyk, energetika, s\u00f6wda-ykdysady we medeni-ynsanperwer ugurlarda strategik dialogy\u0148 agza \u00fdurtlaryny\u0148 arasyndaky hyzmatda\u015flygy berkitmek bo\u00fdun\u00e7a h\u00e4zirki zaman meseleleri we ba\u015flangy\u00e7lary be\u00fdan etdi.<br \/>\nIkinji du\u015fu\u015fygy\u0148 netijeleri bo\u00fdun\u00e7a Ta\u015fkentde Merkezi Azi\u00fda we A\u00fdlagdaky arap d\u00f6wletlerini\u0148 hyzmatda\u015flyk ge\u0148e\u015fine gir\u00fd\u00e4n d\u00f6wletleri\u0148 da\u015fary sy\u00fdasat edaralaryny\u0148 \u00fdolba\u015f\u00e7ylaryny\u0148 Bilelikd\u00e4ki Be\u00fdannamasy kabul edildi.<\/p>\n","protected":false},"excerpt":{"rendered":"<p>15-nji aprelde Da\u015fkent \u015f\u00e4herinde T\u00fcrkmenistany\u0148 Ministrler Kabinetini\u0148 Ba\u015flygyny\u0148 Orunbasary, Da\u015fary i\u015fler ministri R.Meredowy\u0148 \u00fdolba\u015f\u00e7ylygyndaky T\u00fcrkmenistany\u0148 wekili\u00fdeti \u00abA\u00fdlagdaky arap d\u00f6wletlerini\u0148 hyzmatda\u015flyk ge\u0148e\u015fi \u2014 Merkezi Azi\u00fda\u00bb (AADHG + MA) Strategik dialogy\u0148 Ikinji Ministrler du\u015fu\u015fygyna gatna\u015fdy. Forumy\u0148 i\u015fine Merkezi Azi\u00fda we A\u00fdlagdaky arap d\u00f6wletlerini\u0148 hyzmatda\u015flyk ge\u0148e\u015fine gir\u00fd\u00e4n 6 d\u00f6wleti\u0148 \u2013 Saud Arabystan Paty\u015falygyny\u0148, BAE-ni\u0148, Katar D\u00f6wletini\u0148, Kuwe\u00fdt D\u00f6wletini\u0148, [&hellip;]<\/p>\n","protected":false},"author":2,"featured_media":104780,"comment_status":"open","ping_status":"closed","sticky":false,"template":"","format":"standard","meta":{"footnotes":""},"categories":[3],"tags":[],"acf":[],"_links":{"self":[{"href":"https:\/\/zamanturkmenistan.com.tm\/index.php?rest_route=\/wp\/v2\/posts\/104779"}],"collection":[{"href":"https:\/\/zamanturkmenistan.com.tm\/index.php?rest_route=\/wp\/v2\/posts"}],"about":[{"href":"https:\/\/zamanturkmenistan.com.tm\/index.php?rest_route=\/wp\/v2\/types\/post"}],"author":[{"embeddable":true,"href":"https:\/\/zamanturkmenistan.com.tm\/index.php?rest_route=\/wp\/v2\/users\/2"}],"replies":[{"embeddable":true,"href":"https:\/\/zamanturkmenistan.com.tm\/index.php?rest_route=%2Fwp%2Fv2%2Fcomments&post=104779"}],"version-history":[{"count":1,"href":"https:\/\/zamanturkmenistan.com.tm\/index.php?rest_route=\/wp\/v2\/posts\/104779\/revisions"}],"predecessor-version":[{"id":104781,"href":"https:\/\/zamanturkmenistan.com.tm\/index.php?rest_route=\/wp\/v2\/posts\/104779\/revisions\/104781"}],"wp:featuredmedia":[{"embeddable":true,"href":"https:\/\/zamanturkmenistan.com.tm\/index.php?rest_route=\/wp\/v2\/media\/104780"}],"wp:attachment":[{"href":"https:\/\/zamanturkmenistan.com.tm\/index.php?rest_route=%2Fwp%2Fv2%2Fmedia&parent=104779"}],"wp:term":[{"taxonomy":"category","embeddable":true,"href":"https:\/\/zamanturkmenistan.com.tm\/index.php?rest_route=%2Fwp%2Fv2%2Fcategories&post=104779"},{"taxonomy":"post_tag","embeddable":true,"href":"https:\/\/zamanturkmenistan.com.tm\/index.php?rest_route=%2Fwp%2Fv2%2Ftags&post=104779"}],"curies":[{"name":"wp","href":"https:\/\/api.w.org\/{rel}","templated":true}]}}