{"id":104860,"date":"2024-04-16T12:28:58","date_gmt":"2024-04-16T07:28:58","guid":{"rendered":"https:\/\/zamanturkmenistan.com.tm\/?p=104860"},"modified":"2024-04-16T12:28:58","modified_gmt":"2024-04-16T07:28:58","slug":"turkmen-ozbek-gatnasyklaryny-osdurmek-meseleleri-ara-alnyp-maslahatlasyldy","status":"publish","type":"post","link":"https:\/\/zamanturkmenistan.com.tm\/?p=104860","title":{"rendered":"T\u00fcrkmen-\u00f6zbek gatna\u015fyklaryny \u00f6sd\u00fcrmek meseleleri ara alnyp maslahatla\u015fyldy"},"content":{"rendered":"<p>15-nji aprelde Da\u015fkent \u015f\u00e4herinde \u00abMerkezi Azi\u00fda \u2013 A\u00fdlagdaky arap d\u00f6wletlerini\u0148 hyzmatda\u015flyk ge\u0148e\u015fi\u00bb Da\u015fary i\u015fler ministrlerini\u0148 ikinji du\u015fu\u015fygyny\u0148 maksatnamasyny\u0148 \u00e7\u00e4klerinde \u00d6zbegistan Respublikasyny\u0148 Prezidenti \u015eawkat Mirzi\u00fdo\u00fdew Da\u015fary i\u015fler ministri Ra\u015fid Meredowy kabul etdi. Bu barada T\u00fcrkmenistany\u0148 DIM-i habar ber\u00fd\u00e4r.<br \/>\nS\u00f6hbetde\u015fligi\u0148 ba\u015fynda T\u00fcrkmenistany\u0148 da\u015fary sy\u00fdasat edarasyny\u0148 \u00fdolba\u015f\u00e7ysy \u00d6zbegistany\u0148 Prezidentine T\u00fcrkmenistany\u0148 Prezidenti Serdar Berdimuhamedowy\u0148 we Halk Maslahatyny\u0148 Ba\u015flygy Gurbanguly Berdimuhamedowy\u0148 salamlaryny we i\u0148 o\u0148at arzuwlaryny \u00fdetirdi.<br \/>\nDu\u015fu\u015fygy\u0148 dowamynda dostlukly we ho\u015fni\u00fdetli t\u00fcrkmen-\u00f6zbek gatna\u015fyklaryny\u0148, ikitarapla\u00fdyn \u00e7u\u0148\u0148ur strategiki hyzmatda\u015flygy\u0148 mundan be\u00fdl\u00e4k-de \u00f6sd\u00fcrilmegi \u00fdaly wajyp meseleler ara alnyp maslahatla\u015fyldy.<br \/>\n\u00d6zara s\u00f6wda dolany\u015fygyny\u0148 \u00f6s\u00fd\u00e4ndigi, \u015fol bir wagty\u0148 \u00f6z\u00fcnde hem senagat kooperasi\u00fdasy, energetika, ulag we logistika, oba hojalygy pudaklarynda \u00f6zara b\u00e4hbitli hyzmatda\u015flygy\u0148 dowam etdiril\u00fd\u00e4ndigi a\u00fdratyn kanagatlanma bilen bellenildi.<br \/>\nSebitara gatna\u015fyklar we medeni-ynsanperwer ugrundaky hyzmatda\u015flyk has-da gi\u0148e\u00fd\u00e4r. \u015eu \u00fdyl \u00d6zbegistanda t\u00fcrkmen \u015fahyry Magtymguly Pyragyny\u0148 300 \u00fdyllygyny bellemek bilen baglany\u015fykly birn\u00e4\u00e7e \u00e7\u00e4reler ge\u00e7iriler.<br \/>\n\u00d6\u0148de boljak \u00fdokary derejeli du\u015fu\u015fyklara ta\u00fd\u00fdarlyk g\u00f6rmegi\u0148 \u00e7\u00e4klerinde k\u00f6ptarapla\u00fdyn hyzmatda\u015flygy\u0148 t\u00e4ze g\u00fcn tertibini\u0148 d\u00f6redilmegine a\u00fdratyn \u00fcns berildi.<br \/>\n\u015ee\u00fdle hem sebit we halkara g\u00fcn tertibini\u0148 wajyp meseleleri bo\u00fdun\u00e7a pikir aly\u015fmalar boldy.<\/p>\n","protected":false},"excerpt":{"rendered":"<p>15-nji aprelde Da\u015fkent \u015f\u00e4herinde \u00abMerkezi Azi\u00fda \u2013 A\u00fdlagdaky arap d\u00f6wletlerini\u0148 hyzmatda\u015flyk ge\u0148e\u015fi\u00bb Da\u015fary i\u015fler ministrlerini\u0148 ikinji du\u015fu\u015fygyny\u0148 maksatnamasyny\u0148 \u00e7\u00e4klerinde \u00d6zbegistan Respublikasyny\u0148 Prezidenti \u015eawkat Mirzi\u00fdo\u00fdew Da\u015fary i\u015fler ministri Ra\u015fid Meredowy kabul etdi. Bu barada T\u00fcrkmenistany\u0148 DIM-i habar ber\u00fd\u00e4r. S\u00f6hbetde\u015fligi\u0148 ba\u015fynda T\u00fcrkmenistany\u0148 da\u015fary sy\u00fdasat edarasyny\u0148 \u00fdolba\u015f\u00e7ysy \u00d6zbegistany\u0148 Prezidentine T\u00fcrkmenistany\u0148 Prezidenti Serdar Berdimuhamedowy\u0148 we Halk Maslahatyny\u0148 Ba\u015flygy Gurbanguly [&hellip;]<\/p>\n","protected":false},"author":2,"featured_media":104861,"comment_status":"open","ping_status":"closed","sticky":false,"template":"","format":"standard","meta":{"footnotes":""},"categories":[3],"tags":[],"acf":[],"_links":{"self":[{"href":"https:\/\/zamanturkmenistan.com.tm\/index.php?rest_route=\/wp\/v2\/posts\/104860"}],"collection":[{"href":"https:\/\/zamanturkmenistan.com.tm\/index.php?rest_route=\/wp\/v2\/posts"}],"about":[{"href":"https:\/\/zamanturkmenistan.com.tm\/index.php?rest_route=\/wp\/v2\/types\/post"}],"author":[{"embeddable":true,"href":"https:\/\/zamanturkmenistan.com.tm\/index.php?rest_route=\/wp\/v2\/users\/2"}],"replies":[{"embeddable":true,"href":"https:\/\/zamanturkmenistan.com.tm\/index.php?rest_route=%2Fwp%2Fv2%2Fcomments&post=104860"}],"version-history":[{"count":1,"href":"https:\/\/zamanturkmenistan.com.tm\/index.php?rest_route=\/wp\/v2\/posts\/104860\/revisions"}],"predecessor-version":[{"id":104862,"href":"https:\/\/zamanturkmenistan.com.tm\/index.php?rest_route=\/wp\/v2\/posts\/104860\/revisions\/104862"}],"wp:featuredmedia":[{"embeddable":true,"href":"https:\/\/zamanturkmenistan.com.tm\/index.php?rest_route=\/wp\/v2\/media\/104861"}],"wp:attachment":[{"href":"https:\/\/zamanturkmenistan.com.tm\/index.php?rest_route=%2Fwp%2Fv2%2Fmedia&parent=104860"}],"wp:term":[{"taxonomy":"category","embeddable":true,"href":"https:\/\/zamanturkmenistan.com.tm\/index.php?rest_route=%2Fwp%2Fv2%2Fcategories&post=104860"},{"taxonomy":"post_tag","embeddable":true,"href":"https:\/\/zamanturkmenistan.com.tm\/index.php?rest_route=%2Fwp%2Fv2%2Ftags&post=104860"}],"curies":[{"name":"wp","href":"https:\/\/api.w.org\/{rel}","templated":true}]}}