{"id":105164,"date":"2024-04-19T17:23:21","date_gmt":"2024-04-19T12:23:21","guid":{"rendered":"https:\/\/zamanturkmenistan.com.tm\/?p=105164"},"modified":"2024-04-19T17:23:21","modified_gmt":"2024-04-19T12:23:21","slug":"tajigistanyn-we-ozbegistanyn-liderleri-bilelesik-sertnamasyna-gol-cekdi","status":"publish","type":"post","link":"https:\/\/zamanturkmenistan.com.tm\/?p=105164","title":{"rendered":"T\u00e4jigistany\u0148 we \u00d6zbegistany\u0148 liderleri bilele\u015fik \u015fertnamasyna gol \u00e7ekdi"},"content":{"rendered":"<p>18-nji aprelde T\u00e4jigistany\u0148 we \u00d6zbegistany\u0148 Prezidentleri Emomali Rahmon we \u015eawkat Mirzi\u00fdo\u00fdew iki \u00fdurdu\u0148 arasyndaky so\u00fduzda\u015f gatna\u015fyklar barada \u015fertnama bagla\u015fdylar.<br \/>\nBu resminama Du\u015fanbe \u015f\u00e4herind\u00e4ki Milletler k\u00f6\u015fg\u00fcnde iki Prezidenti\u0148 arasynda ge\u00e7irilen ikitarapla\u00fdyn geple\u015fiklerden so\u0148 gol \u00e7ekildi. Bu iki \u00fdurdu\u0148 arasyndaky so\u00fduzda\u015f gatna\u015fyklar baradaky ilkinji resminamadyr. Ondan \u00f6\u0148, Rahmony\u0148 2022-nji \u00fdyly\u0148 i\u00fdun a\u00fdynda \u00d6zbegistana resmi sapary wagtynda T\u00e4jigistany\u0148 we \u00d6zbegistany\u0148 Prezidentleri iki \u00fdurdu\u0148 arasynda ebedi dostlugy we bilele\u015figi berkitmek baradaky Jarnama gol \u00e7ekdiler.<br \/>\nT\u00e4jigistany\u0148 mundan \u00f6\u0148 Russi\u00fda hem-de Gazagystan bilen so\u00fduzda\u015flyk baradaky ylala\u015fyklary bar. \u015eawkat Mirzi\u00fdo\u00fdew 18-nji aprelde Du\u015fanbe d\u00f6wlet sapary amala \u015fayrdy. Ondan \u00f6\u0148 \u00d6zbegistany\u0148 lideri ge\u00e7en \u00fdyly\u0148 sent\u00fdabr a\u00fdynda Du\u015fanbe baryp, Merkezi Azi\u00fda d\u00f6wletlerini\u0148 Prezidentlerini\u0148 maslahatyna gatna\u015fdy. Mirzi\u00fdo\u00fdew 2021-nji \u00fdyly\u0148 i\u00fdunynda T\u00e4jigistana resmi saparyna amala a\u015fyrynda 30-dan gowrak ikitarapla\u00fdyn resminama gol \u00e7ekildi.<\/p>\n","protected":false},"excerpt":{"rendered":"<p>18-nji aprelde T\u00e4jigistany\u0148 we \u00d6zbegistany\u0148 Prezidentleri Emomali Rahmon we \u015eawkat Mirzi\u00fdo\u00fdew iki \u00fdurdu\u0148 arasyndaky so\u00fduzda\u015f gatna\u015fyklar barada \u015fertnama bagla\u015fdylar. Bu resminama Du\u015fanbe \u015f\u00e4herind\u00e4ki Milletler k\u00f6\u015fg\u00fcnde iki Prezidenti\u0148 arasynda ge\u00e7irilen ikitarapla\u00fdyn geple\u015fiklerden so\u0148 gol \u00e7ekildi. Bu iki \u00fdurdu\u0148 arasyndaky so\u00fduzda\u015f gatna\u015fyklar baradaky ilkinji resminamadyr. Ondan \u00f6\u0148, Rahmony\u0148 2022-nji \u00fdyly\u0148 i\u00fdun a\u00fdynda \u00d6zbegistana resmi sapary wagtynda T\u00e4jigistany\u0148 [&hellip;]<\/p>\n","protected":false},"author":2,"featured_media":105165,"comment_status":"open","ping_status":"closed","sticky":false,"template":"","format":"standard","meta":{"footnotes":""},"categories":[5],"tags":[],"acf":[],"_links":{"self":[{"href":"https:\/\/zamanturkmenistan.com.tm\/index.php?rest_route=\/wp\/v2\/posts\/105164"}],"collection":[{"href":"https:\/\/zamanturkmenistan.com.tm\/index.php?rest_route=\/wp\/v2\/posts"}],"about":[{"href":"https:\/\/zamanturkmenistan.com.tm\/index.php?rest_route=\/wp\/v2\/types\/post"}],"author":[{"embeddable":true,"href":"https:\/\/zamanturkmenistan.com.tm\/index.php?rest_route=\/wp\/v2\/users\/2"}],"replies":[{"embeddable":true,"href":"https:\/\/zamanturkmenistan.com.tm\/index.php?rest_route=%2Fwp%2Fv2%2Fcomments&post=105164"}],"version-history":[{"count":1,"href":"https:\/\/zamanturkmenistan.com.tm\/index.php?rest_route=\/wp\/v2\/posts\/105164\/revisions"}],"predecessor-version":[{"id":105166,"href":"https:\/\/zamanturkmenistan.com.tm\/index.php?rest_route=\/wp\/v2\/posts\/105164\/revisions\/105166"}],"wp:featuredmedia":[{"embeddable":true,"href":"https:\/\/zamanturkmenistan.com.tm\/index.php?rest_route=\/wp\/v2\/media\/105165"}],"wp:attachment":[{"href":"https:\/\/zamanturkmenistan.com.tm\/index.php?rest_route=%2Fwp%2Fv2%2Fmedia&parent=105164"}],"wp:term":[{"taxonomy":"category","embeddable":true,"href":"https:\/\/zamanturkmenistan.com.tm\/index.php?rest_route=%2Fwp%2Fv2%2Fcategories&post=105164"},{"taxonomy":"post_tag","embeddable":true,"href":"https:\/\/zamanturkmenistan.com.tm\/index.php?rest_route=%2Fwp%2Fv2%2Ftags&post=105164"}],"curies":[{"name":"wp","href":"https:\/\/api.w.org\/{rel}","templated":true}]}}