{"id":105177,"date":"2024-04-20T10:22:18","date_gmt":"2024-04-20T05:22:18","guid":{"rendered":"https:\/\/zamanturkmenistan.com.tm\/?p=105177"},"modified":"2024-04-20T10:22:18","modified_gmt":"2024-04-20T05:22:18","slug":"weteranlara-gymmat-bahaly-sowgatlar-gowsurylar","status":"publish","type":"post","link":"https:\/\/zamanturkmenistan.com.tm\/?p=105177","title":{"rendered":"Weteranlara gymmat bahaly sowgatlar gow\u015furylar"},"content":{"rendered":"<p>1941\u20141945-nji \u00fdyllary\u0148 Be\u00fdik Watan\u00e7ylyk ur\u015funda gazanylan \u00dde\u0148\u015fi\u0148 79 \u00fdyllygyna ta\u00fd\u00fdarlyk g\u00f6r\u00fcl\u00fd\u00e4r. Bu sene mynasybetli hormatly Prezidentimizi\u0148 adyndan weteranlara gymmat bahaly sowgatlar gow\u015furylar.<br \/>\n\u00ddurdumyzda \u00dde\u0148i\u015f g\u00fcni egsilmez jo\u015fgun, bu\u00fdsan\u00e7 du\u00fdgulary bilen gi\u0148den bellenil\u00fd\u00e4r. Geljek nesilleri\u0148 parahat we bagty\u00fdar durmu\u015fyny goran uru\u015f weteranlary barada d\u00f6wletimiz tarapyndan hemmetarapla\u00fdyn alada edil\u00fd\u00e4r. Olary\u0148 saglygyny goramak we dikeltmek bo\u00fdun\u00e7a zerur \u00e7\u00e4reler durmu\u015fa ge\u00e7iril\u00fd\u00e4r.<br \/>\nHer bir g\u00fcni milli we halkara \u00e4hmi\u00fdetli wakalara beslen\u00fd\u00e4n \u201cP\u00e4him-pa\u00fdhas ummany Magtymguly Pyragy\u201d \u00fdylynda hem \u00dde\u0148i\u015f ba\u00fdramyny\u0148 \u015fanyna ba\u00fd many-mazmunly sy\u00fdasy-jemgy\u00fdet\u00e7ilik, medeni \u00e4hmi\u00fdetli \u00e7\u00e4releri ge\u00e7irmek me\u00fdille\u015fdiril\u00fd\u00e4r. Asylly d\u00e4be e\u00fderilip, Be\u00fdik Watan\u00e7ylyk ur\u015funa gatna\u015fyjylary\u0148 gahryman\u00e7ylygy hem-de uru\u015f \u00fdyllarynda z\u00e4hmet \u00e7eken ak sa\u00e7ly eneleri\u0148 g\u00f6rkezen nusgalyk edermenligi hormatlanyp, olara dabaraly \u00fdagda\u00fdda hormatly Prezidentimizi\u0148 adyndan pul seri\u015fdeleri, gymmat bahaly sowgatlar gow\u015furylar. Bu barada 19-njy aprelde ge\u00e7irilen sanly ulgam arkaly Ministrler Kabinetini\u0148 mejlisinde Ministrler Kabinetini\u0148 Ba\u015flygyny\u0148 orunbasary N.Amannepesow hasabat berdi.<\/p>\n","protected":false},"excerpt":{"rendered":"<p>1941\u20141945-nji \u00fdyllary\u0148 Be\u00fdik Watan\u00e7ylyk ur\u015funda gazanylan \u00dde\u0148\u015fi\u0148 79 \u00fdyllygyna ta\u00fd\u00fdarlyk g\u00f6r\u00fcl\u00fd\u00e4r. Bu sene mynasybetli hormatly Prezidentimizi\u0148 adyndan weteranlara gymmat bahaly sowgatlar gow\u015furylar. \u00ddurdumyzda \u00dde\u0148i\u015f g\u00fcni egsilmez jo\u015fgun, bu\u00fdsan\u00e7 du\u00fdgulary bilen gi\u0148den bellenil\u00fd\u00e4r. Geljek nesilleri\u0148 parahat we bagty\u00fdar durmu\u015fyny goran uru\u015f weteranlary barada d\u00f6wletimiz tarapyndan hemmetarapla\u00fdyn alada edil\u00fd\u00e4r. Olary\u0148 saglygyny goramak we dikeltmek bo\u00fdun\u00e7a zerur \u00e7\u00e4reler [&hellip;]<\/p>\n","protected":false},"author":2,"featured_media":105178,"comment_status":"open","ping_status":"closed","sticky":false,"template":"","format":"standard","meta":{"footnotes":""},"categories":[3],"tags":[],"acf":[],"_links":{"self":[{"href":"https:\/\/zamanturkmenistan.com.tm\/index.php?rest_route=\/wp\/v2\/posts\/105177"}],"collection":[{"href":"https:\/\/zamanturkmenistan.com.tm\/index.php?rest_route=\/wp\/v2\/posts"}],"about":[{"href":"https:\/\/zamanturkmenistan.com.tm\/index.php?rest_route=\/wp\/v2\/types\/post"}],"author":[{"embeddable":true,"href":"https:\/\/zamanturkmenistan.com.tm\/index.php?rest_route=\/wp\/v2\/users\/2"}],"replies":[{"embeddable":true,"href":"https:\/\/zamanturkmenistan.com.tm\/index.php?rest_route=%2Fwp%2Fv2%2Fcomments&post=105177"}],"version-history":[{"count":1,"href":"https:\/\/zamanturkmenistan.com.tm\/index.php?rest_route=\/wp\/v2\/posts\/105177\/revisions"}],"predecessor-version":[{"id":105179,"href":"https:\/\/zamanturkmenistan.com.tm\/index.php?rest_route=\/wp\/v2\/posts\/105177\/revisions\/105179"}],"wp:featuredmedia":[{"embeddable":true,"href":"https:\/\/zamanturkmenistan.com.tm\/index.php?rest_route=\/wp\/v2\/media\/105178"}],"wp:attachment":[{"href":"https:\/\/zamanturkmenistan.com.tm\/index.php?rest_route=%2Fwp%2Fv2%2Fmedia&parent=105177"}],"wp:term":[{"taxonomy":"category","embeddable":true,"href":"https:\/\/zamanturkmenistan.com.tm\/index.php?rest_route=%2Fwp%2Fv2%2Fcategories&post=105177"},{"taxonomy":"post_tag","embeddable":true,"href":"https:\/\/zamanturkmenistan.com.tm\/index.php?rest_route=%2Fwp%2Fv2%2Ftags&post=105177"}],"curies":[{"name":"wp","href":"https:\/\/api.w.org\/{rel}","templated":true}]}}