{"id":105288,"date":"2024-04-20T10:20:17","date_gmt":"2024-04-20T05:20:17","guid":{"rendered":"https:\/\/zamanturkmenistan.com.tm\/?p=105288"},"modified":"2024-04-20T17:21:37","modified_gmt":"2024-04-20T12:21:37","slug":"yaslaryn-35-munusine-mugt-otly-petegi-berler","status":"publish","type":"post","link":"https:\/\/zamanturkmenistan.com.tm\/?p=105288","title":{"rendered":"\u00dda\u015flary\u0148 35 m\u00fc\u0148\u00fcsine mugt otly petegi berler"},"content":{"rendered":"<p>\u00ddewropa Komissi\u00fdasy \u201cDiscoverEU\u201d maksatnamasyny\u0148 \u00e7\u00e4klerinde \u00ddewropany \u00fdurtlaryndan 35 m\u00fc\u0148 \u00fda\u015f ra\u00fdata mugt otly petegi berer. Bu maksatnamadan \u00ddewropa Bilele\u015figine agza \u00fdurtlar bilen bir hatarda T\u00fcrki\u00fde, Islandi\u00fda, Lihten\u015fte\u00fdn, Demirgazyk Makedoni\u00fda, Norwegi\u00fda, Serbi\u00fda d\u00f6wletlerinden hem \u00fda\u015flar pe\u00fddalanyp bilerler. \u00dda\u015flar \u015fu \u00fdyly\u0148 1-nji i\u00fdulyndan geljek \u00fdyly\u0148 30-njy sent\u00fdabryna \u00e7enli aralykda 30 g\u00fcnl\u00e4p \u00ddewropany\u0148 birn\u00e4\u00e7e \u015f\u00e4herini mugt otly peteklerinden pe\u00fddalanyp a\u00fdlanyp bilerler. \u015ee\u00fdle hem \u00fd\u00fcztutmasy kabul edilen \u00fda\u015flar sport, medeni \u00e7\u00e4reler, myhmanhana, jemgy\u00fdet\u00e7ilik ulaglary we be\u00fdleki birn\u00e4\u00e7e hyzmatdan pe\u00fddalanmak \u00fc\u00e7in arzanla\u015fykly karty\u0148 e\u00fdesi bolarlar.<\/p>\n<p style=\"text-align: right;\"><strong>Huma\u00fd Gurbangeldi\u00fdewa, A\u015fgabat \u015f\u00e4herind\u00e4ki agrosenagat orta h\u00fcn\u00e4r okuw mekdebini\u0148 talyby.<\/strong><\/p>\n","protected":false},"excerpt":{"rendered":"<p>\u00ddewropa Komissi\u00fdasy \u201cDiscoverEU\u201d maksatnamasyny\u0148 \u00e7\u00e4klerinde \u00ddewropany \u00fdurtlaryndan 35 m\u00fc\u0148 \u00fda\u015f ra\u00fdata mugt otly petegi berer. Bu maksatnamadan \u00ddewropa Bilele\u015figine agza \u00fdurtlar bilen bir hatarda T\u00fcrki\u00fde, Islandi\u00fda, Lihten\u015fte\u00fdn, Demirgazyk Makedoni\u00fda, Norwegi\u00fda, Serbi\u00fda d\u00f6wletlerinden hem \u00fda\u015flar pe\u00fddalanyp bilerler. \u00dda\u015flar \u015fu \u00fdyly\u0148 1-nji i\u00fdulyndan geljek \u00fdyly\u0148 30-njy sent\u00fdabryna \u00e7enli aralykda 30 g\u00fcnl\u00e4p \u00ddewropany\u0148 birn\u00e4\u00e7e \u015f\u00e4herini mugt otly peteklerinden [&hellip;]<\/p>\n","protected":false},"author":2,"featured_media":103908,"comment_status":"open","ping_status":"closed","sticky":false,"template":"","format":"standard","meta":{"footnotes":""},"categories":[5],"tags":[],"acf":[],"_links":{"self":[{"href":"https:\/\/zamanturkmenistan.com.tm\/index.php?rest_route=\/wp\/v2\/posts\/105288"}],"collection":[{"href":"https:\/\/zamanturkmenistan.com.tm\/index.php?rest_route=\/wp\/v2\/posts"}],"about":[{"href":"https:\/\/zamanturkmenistan.com.tm\/index.php?rest_route=\/wp\/v2\/types\/post"}],"author":[{"embeddable":true,"href":"https:\/\/zamanturkmenistan.com.tm\/index.php?rest_route=\/wp\/v2\/users\/2"}],"replies":[{"embeddable":true,"href":"https:\/\/zamanturkmenistan.com.tm\/index.php?rest_route=%2Fwp%2Fv2%2Fcomments&post=105288"}],"version-history":[{"count":1,"href":"https:\/\/zamanturkmenistan.com.tm\/index.php?rest_route=\/wp\/v2\/posts\/105288\/revisions"}],"predecessor-version":[{"id":105289,"href":"https:\/\/zamanturkmenistan.com.tm\/index.php?rest_route=\/wp\/v2\/posts\/105288\/revisions\/105289"}],"wp:featuredmedia":[{"embeddable":true,"href":"https:\/\/zamanturkmenistan.com.tm\/index.php?rest_route=\/wp\/v2\/media\/103908"}],"wp:attachment":[{"href":"https:\/\/zamanturkmenistan.com.tm\/index.php?rest_route=%2Fwp%2Fv2%2Fmedia&parent=105288"}],"wp:term":[{"taxonomy":"category","embeddable":true,"href":"https:\/\/zamanturkmenistan.com.tm\/index.php?rest_route=%2Fwp%2Fv2%2Fcategories&post=105288"},{"taxonomy":"post_tag","embeddable":true,"href":"https:\/\/zamanturkmenistan.com.tm\/index.php?rest_route=%2Fwp%2Fv2%2Ftags&post=105288"}],"curies":[{"name":"wp","href":"https:\/\/api.w.org\/{rel}","templated":true}]}}