{"id":105626,"date":"2024-04-26T10:11:38","date_gmt":"2024-04-26T05:11:38","guid":{"rendered":"https:\/\/zamanturkmenistan.com.tm\/?p=105626"},"modified":"2024-04-26T10:11:38","modified_gmt":"2024-04-26T05:11:38","slug":"may-ayynda-geciriljek-esasy-careler-2","status":"publish","type":"post","link":"https:\/\/zamanturkmenistan.com.tm\/?p=105626","title":{"rendered":"Ma\u00fd a\u00fdynda ge\u00e7iriljek esasy \u00e7\u00e4reler"},"content":{"rendered":"<p>Ma\u00fd a\u00fdynda ba\u00fdram\u00e7ylyklar we \u015fanly seneler mynasybetli d\u00fcrli maslahatlary, \u201ctegelek stolu\u0148\u201d ba\u015fyndaky s\u00f6hbetde\u015flikleri, d\u00f6redijilik du\u015fu\u015fyklaryny, sergileri, konsertleri, wagyz-nesihat \u00e7\u00e4relerini guramak, ozal yglan edilen d\u00f6redijilik b\u00e4sle\u015fiklerini\u0148 jemini jemlemek g\u00f6z \u00f6\u0148\u00fcnde tutul\u00fdar.<br \/>\n9-njy ma\u00fdda 1941\u20141945-nji \u00fdyllary\u0148 Be\u00fdik Watan\u00e7ylyk ur\u015funda gazanylan \u00dde\u0148i\u015f g\u00fcni mynasybetli pa\u00fdtagtymyzda we wela\u00fdatlarda dabaralar ge\u00e7iriler. 16-njy ma\u00fdda A\u015fgabatda T\u00dcRKSO\u00dd-a agza d\u00f6wletleri\u0148 \u00ddUNESKO-ny\u0148 i\u015fleri barada milli toparlaryny\u0148 10-njy mejlisini ge\u00e7irmek g\u00f6z \u00f6\u0148\u00fcnde tutul\u00fdar.<br \/>\n\u015eu \u00fdyl Magtymguly Pyragyny\u0148 doglan g\u00fcn\u00fcni\u0148 300 \u00fdyllygy mynasybetli \u00e7\u00e4releri\u0148 birn\u00e4\u00e7esi me\u00fdille\u015fdirildi. Hususan-da, medeni\u00fdet ministrleri derejesinde halkara maslahat, \u00fdurdumyzy\u0148 teatrlarynda sahna o\u00fdunlaryny\u0148 g\u00f6rkezili\u015fi, kinoteatrlarda we kinokonsert merkezlerinde be\u00fdik t\u00fcrkmen \u015fahyryny\u0148 d\u00f6redijiligine bagy\u015flanyp surata d\u00fc\u015f\u00fcrilen t\u00fcrkmen kinofilmlerini\u0148 g\u00f6rkezili\u015fi guralar. 17-nji ma\u00fdda A\u015fgabady\u0148 g\u00fcnorta k\u00fcnjeginde Magtymguly Pyragy medeni-se\u00fdilg\u00e4h toplumyny\u0148 hem-de me\u015fhur s\u00f6z ussadyny\u0148 \u00fdadyg\u00e4rligini\u0148 a\u00e7yly\u015f dabarasyny ge\u00e7irmek g\u00f6z \u00f6\u0148\u00fcnde tutul\u00fdar.<br \/>\n18-nji ma\u00fdda pa\u00fdtagtymyzda T\u00fcrkmenistany\u0148 Konstitusi\u00fdasyny\u0148 we D\u00f6wlet ba\u00fddagyny\u0148 g\u00fcni mynasybetli dabaralar, \u015fol sanda durky t\u00e4zelenen Ba\u015f ba\u00fddak me\u00fddan\u00e7asyny\u0148 a\u00e7yly\u015f dabarasy ge\u00e7iriler. \u015eol g\u00fcn \u201cP\u00e4him-pa\u00fdhas ummany Magtymguly Pyragy\u201d atly halkara ylmy maslahaty, ba\u00fdram\u00e7ylyk konsertini guramak me\u00fdille\u015fdiril\u00fd\u00e4r. \u015ee\u00fdle hem A\u015fgabat \u015f\u00e4herini\u0148 g\u00fcni, okuw \u00fdylyny\u0148 tamamlanmagy, \u201cSo\u0148ky ja\u0148\u201d dabarasy mynasybetli ba\u00fdram\u00e7ylyk \u00e7\u00e4releri guralar.<br \/>\n24-25-nji ma\u00fdda S\u00f6wda-senagat edarasynda \u201cAk \u015f\u00e4herim A\u015fgabat\u201d atly XXIII k\u00f6pugurly halkara sergi, 26-njy ma\u00fdda T\u00fcrkmen halysyny\u0148 milli muze\u00fdinde T\u00fcrkmen halysyny\u0148 ba\u00fdramy mynasybetli haly we haly \u00f6n\u00fcmlerini\u0148 sergisi, S\u00f6wda-senagat edarasynda T\u00fcrkmen haly\u015fynaslaryny\u0148 b\u00fctind\u00fcn\u00fd\u00e4 jemgy\u00fdetini\u0148 XXIV mejlisi ge\u00e7iriler. Mundan ba\u015fga-da, geljek a\u00fdda pa\u00fdtagtymyzda we Ahal wela\u00fdatynda t\u00e4ze desgalary\u0148 birn\u00e4\u00e7esi, \u015fol sanda \u00fda\u015fa\u00fdy\u015f ja\u00fdlary, medeni-durmu\u015f, be\u00fdleki maksatly desgalar ulanmaga berler.<br \/>\nBu barada 25-nji aprelde ge\u00e7irilen sanly ulgam arkaly Ministrler Kabinetini\u0148 mejlisinde Ministrler Kabinetini\u0148 Ba\u015flygyny\u0148 orunbasary M.M\u00e4mmedowa hasabat berdi.<\/p>\n","protected":false},"excerpt":{"rendered":"<p>Ma\u00fd a\u00fdynda ba\u00fdram\u00e7ylyklar we \u015fanly seneler mynasybetli d\u00fcrli maslahatlary, \u201ctegelek stolu\u0148\u201d ba\u015fyndaky s\u00f6hbetde\u015flikleri, d\u00f6redijilik du\u015fu\u015fyklaryny, sergileri, konsertleri, wagyz-nesihat \u00e7\u00e4relerini guramak, ozal yglan edilen d\u00f6redijilik b\u00e4sle\u015fiklerini\u0148 jemini jemlemek g\u00f6z \u00f6\u0148\u00fcnde tutul\u00fdar. 9-njy ma\u00fdda 1941\u20141945-nji \u00fdyllary\u0148 Be\u00fdik Watan\u00e7ylyk ur\u015funda gazanylan \u00dde\u0148i\u015f g\u00fcni mynasybetli pa\u00fdtagtymyzda we wela\u00fdatlarda dabaralar ge\u00e7iriler. 16-njy ma\u00fdda A\u015fgabatda T\u00dcRKSO\u00dd-a agza d\u00f6wletleri\u0148 \u00ddUNESKO-ny\u0148 i\u015fleri barada [&hellip;]<\/p>\n","protected":false},"author":2,"featured_media":102831,"comment_status":"open","ping_status":"closed","sticky":false,"template":"","format":"standard","meta":{"footnotes":""},"categories":[3],"tags":[],"acf":[],"_links":{"self":[{"href":"https:\/\/zamanturkmenistan.com.tm\/index.php?rest_route=\/wp\/v2\/posts\/105626"}],"collection":[{"href":"https:\/\/zamanturkmenistan.com.tm\/index.php?rest_route=\/wp\/v2\/posts"}],"about":[{"href":"https:\/\/zamanturkmenistan.com.tm\/index.php?rest_route=\/wp\/v2\/types\/post"}],"author":[{"embeddable":true,"href":"https:\/\/zamanturkmenistan.com.tm\/index.php?rest_route=\/wp\/v2\/users\/2"}],"replies":[{"embeddable":true,"href":"https:\/\/zamanturkmenistan.com.tm\/index.php?rest_route=%2Fwp%2Fv2%2Fcomments&post=105626"}],"version-history":[{"count":1,"href":"https:\/\/zamanturkmenistan.com.tm\/index.php?rest_route=\/wp\/v2\/posts\/105626\/revisions"}],"predecessor-version":[{"id":105628,"href":"https:\/\/zamanturkmenistan.com.tm\/index.php?rest_route=\/wp\/v2\/posts\/105626\/revisions\/105628"}],"wp:featuredmedia":[{"embeddable":true,"href":"https:\/\/zamanturkmenistan.com.tm\/index.php?rest_route=\/wp\/v2\/media\/102831"}],"wp:attachment":[{"href":"https:\/\/zamanturkmenistan.com.tm\/index.php?rest_route=%2Fwp%2Fv2%2Fmedia&parent=105626"}],"wp:term":[{"taxonomy":"category","embeddable":true,"href":"https:\/\/zamanturkmenistan.com.tm\/index.php?rest_route=%2Fwp%2Fv2%2Fcategories&post=105626"},{"taxonomy":"post_tag","embeddable":true,"href":"https:\/\/zamanturkmenistan.com.tm\/index.php?rest_route=%2Fwp%2Fv2%2Ftags&post=105626"}],"curies":[{"name":"wp","href":"https:\/\/api.w.org\/{rel}","templated":true}]}}