{"id":105629,"date":"2024-04-26T10:16:25","date_gmt":"2024-04-26T05:16:25","guid":{"rendered":"https:\/\/zamanturkmenistan.com.tm\/?p=105629"},"modified":"2024-04-26T10:16:25","modified_gmt":"2024-04-26T05:16:25","slug":"asgabatda-kids-ekspo-ahli-zat-cagalar-ucin-atly-halkara-sergi-yarmarka-geciriler","status":"publish","type":"post","link":"https:\/\/zamanturkmenistan.com.tm\/?p=105629","title":{"rendered":"A\u015fgabatda \u201cKids EKSPO: \u00e4hli zat \u00e7agalar \u00fc\u00e7in\u201d atly halkara sergi-\u00fdarmarka ge\u00e7iriler"},"content":{"rendered":"<p>25-nji aprelde ge\u00e7irilen sanly ulgam arkaly Ministrler Kabinetini\u0148 mejlisinde Ministrler Kabinetini\u0148 Ba\u015flygyny\u0148 orunbasary B.Atda\u00fdew \u201cT\u00fcrkmenistany\u0148 halkara sergi i\u015fini\u0148 2024-2025-nji \u00fdyllar \u00fc\u00e7in Konsepsi\u00fdasynda\u201d bellenilen wezipelere la\u00fdyklykda, \u00fdurdumyzda halkara sergileri guramak bo\u00fdun\u00e7a alnyp baryl\u00fdan i\u015fler barada hasabat berdi. \u015eunu\u0148 bilen baglylykda, wise-prem\u00fder \u015fu \u00fdyly\u0148 19\u201422-nji awgusty aralygynda S\u00f6wda-senagat edarasynda guraljak \u201cKids EKSPO: \u00e4hli zat \u00e7agalar \u00fc\u00e7in\u201d atly halkara sergi-\u00fdarmarka g\u00f6r\u00fcl\u00fd\u00e4n ta\u00fd\u00fdarlyk barada habar berdi.<br \/>\nBellenili\u015fi \u00fdaly, sergi-\u00fdarmarkada \u00fdurdumyzy\u0148 we da\u015fary \u00fdurtlary\u0148 \u00f6n\u00fcm \u00f6nd\u00fcrijilerini\u0148 \u00e7agalar, mekdep okuw\u00e7ylary, talyplar \u00fc\u00e7in ni\u00fdetlenen \u00fdokary hilli, ekologi\u00fda ta\u00fddan arassa \u00f6n\u00fcmleri, okuw esbaplary, elektron harytlary h\u00f6d\u00fcrleniler. \u015eunu\u0148 bilen birlikde, bu pudakda i\u015f alyp bar\u00fdan kompani\u00fdalary\u0148 tejribe aly\u015fmagy, \u00e7agalar \u00fc\u00e7in d\u00fcrli ugurlarda ussatlyk sapaklaryny\u0148 guralmagy, innowasion i\u015fl\u00e4p ta\u00fd\u00fdarlamalar, t\u00e4zelikler bilen tany\u015fdyrylmagy me\u00fdille\u015fdiril\u00fd\u00e4r.<br \/>\nHormatly Prezidentimiz hasabaty di\u0148l\u00e4p, \u00abT\u00fcrkmenistany\u0148 halkara sergi i\u015fini\u0148 2024-2025-nji \u00fdyllar \u00fc\u00e7in Konsepsi\u00fdasyna\u00bb la\u00fdyklykda, \u00fdurdumyzda sergi-\u00fdarmarka i\u015fini \u00f6sd\u00fcrm\u00e4ge m\u00f6h\u00fcm \u00e4hmi\u00fdet beril\u00fd\u00e4ndigini belledi. \u015eunu\u0148 bilen baglylykda, d\u00f6wlet Ba\u015ftutanymyz bu halkara sergi-\u00fdarmarkasyny guramak baradaky teklibi goldap, degi\u015fli i\u015fleri ge\u00e7irmegi tab\u015fyrdy.<\/p>\n","protected":false},"excerpt":{"rendered":"<p>25-nji aprelde ge\u00e7irilen sanly ulgam arkaly Ministrler Kabinetini\u0148 mejlisinde Ministrler Kabinetini\u0148 Ba\u015flygyny\u0148 orunbasary B.Atda\u00fdew \u201cT\u00fcrkmenistany\u0148 halkara sergi i\u015fini\u0148 2024-2025-nji \u00fdyllar \u00fc\u00e7in Konsepsi\u00fdasynda\u201d bellenilen wezipelere la\u00fdyklykda, \u00fdurdumyzda halkara sergileri guramak bo\u00fdun\u00e7a alnyp baryl\u00fdan i\u015fler barada hasabat berdi. \u015eunu\u0148 bilen baglylykda, wise-prem\u00fder \u015fu \u00fdyly\u0148 19\u201422-nji awgusty aralygynda S\u00f6wda-senagat edarasynda guraljak \u201cKids EKSPO: \u00e4hli zat \u00e7agalar \u00fc\u00e7in\u201d atly [&hellip;]<\/p>\n","protected":false},"author":2,"featured_media":105630,"comment_status":"open","ping_status":"closed","sticky":false,"template":"","format":"standard","meta":{"footnotes":""},"categories":[3],"tags":[],"acf":[],"_links":{"self":[{"href":"https:\/\/zamanturkmenistan.com.tm\/index.php?rest_route=\/wp\/v2\/posts\/105629"}],"collection":[{"href":"https:\/\/zamanturkmenistan.com.tm\/index.php?rest_route=\/wp\/v2\/posts"}],"about":[{"href":"https:\/\/zamanturkmenistan.com.tm\/index.php?rest_route=\/wp\/v2\/types\/post"}],"author":[{"embeddable":true,"href":"https:\/\/zamanturkmenistan.com.tm\/index.php?rest_route=\/wp\/v2\/users\/2"}],"replies":[{"embeddable":true,"href":"https:\/\/zamanturkmenistan.com.tm\/index.php?rest_route=%2Fwp%2Fv2%2Fcomments&post=105629"}],"version-history":[{"count":1,"href":"https:\/\/zamanturkmenistan.com.tm\/index.php?rest_route=\/wp\/v2\/posts\/105629\/revisions"}],"predecessor-version":[{"id":105631,"href":"https:\/\/zamanturkmenistan.com.tm\/index.php?rest_route=\/wp\/v2\/posts\/105629\/revisions\/105631"}],"wp:featuredmedia":[{"embeddable":true,"href":"https:\/\/zamanturkmenistan.com.tm\/index.php?rest_route=\/wp\/v2\/media\/105630"}],"wp:attachment":[{"href":"https:\/\/zamanturkmenistan.com.tm\/index.php?rest_route=%2Fwp%2Fv2%2Fmedia&parent=105629"}],"wp:term":[{"taxonomy":"category","embeddable":true,"href":"https:\/\/zamanturkmenistan.com.tm\/index.php?rest_route=%2Fwp%2Fv2%2Fcategories&post=105629"},{"taxonomy":"post_tag","embeddable":true,"href":"https:\/\/zamanturkmenistan.com.tm\/index.php?rest_route=%2Fwp%2Fv2%2Ftags&post=105629"}],"curies":[{"name":"wp","href":"https:\/\/api.w.org\/{rel}","templated":true}]}}