{"id":105792,"date":"2024-04-27T10:13:45","date_gmt":"2024-04-27T05:13:45","guid":{"rendered":"https:\/\/zamanturkmenistan.com.tm\/?p=105792"},"modified":"2024-04-27T10:13:45","modified_gmt":"2024-04-27T05:13:45","slug":"gadymy-amul-galasy-gecmisin-syrlarynyn-goragcysy-atly-halkara-ylmy-amaly-maslahat-gecirildi","status":"publish","type":"post","link":"https:\/\/zamanturkmenistan.com.tm\/?p=105792","title":{"rendered":"\u201cGadymy Amul galasy: ge\u00e7mi\u015fi\u0148 syrlaryny\u0148 gorag\u00e7ysy\u201d atly halkara ylmy-amaly maslahat ge\u00e7irildi"},"content":{"rendered":"<p>26-njy aprelde T\u00fcrkmenabat \u015f\u00e4herinde \u201cBe\u00fdik \u00dd\u00fcpek \u00fdoly: Zerew\u015fan\u2014Garagum ge\u00e7elgesini\u0148\u201d \u00e7\u00e4gind\u00e4ki Amul galasyny\u0148 \u00ddUNESKO-ny\u0148 B\u00fctind\u00fcn\u00fd\u00e4 mirasyny\u0148 sanawyna girizilmegi mynasybetli \u201cGadymy Amul galasy: ge\u00e7mi\u015fi\u0148 syrlaryny\u0148 gorag\u00e7ysy\u201d atly halkara ylmy-amaly maslahat ge\u00e7irildi. \u201cP\u00e4him-pa\u00fdhas ummany Magtymguly Pyragy\u201d \u00fdylynda ge\u00e7iril\u00fd\u00e4n bu \u00e7\u00e4re Ylymlar akademi\u00fdasy, \u00ddUNESKO-ny\u0148 i\u015fleri barada T\u00fcrkmenistany\u0148 milli topary we Lebap wela\u00fdat h\u00e4kimligi tarapyndan bilelikde guraldy.<br \/>\nM\u00e4lim bol\u015fy \u00fdaly, \u00abBe\u00fdik \u00dd\u00fcpek \u00fdoly: Zerew\u015fan\u2014Garagum ge\u00e7elgesi\u00bb h\u00f6d\u00fcrnamasyny \u00ddUNESKO-ny\u0148 B\u00fctind\u00fcn\u00fd\u00e4 mirasyny\u0148 sanawyna go\u015fmak baradaky karar T\u00fcrkmenistany\u0148 \u00d6zbegistan we T\u00e4jigistan Respublikalary bilen bilelikd\u00e4ki h\u00f6d\u00fcrl\u00e4n teklibi bo\u00fdun\u00e7a 2023-nji \u00fdyly\u0148 17-nji sent\u00fdabrynda \u00ddUNESKO-ny\u0148 B\u00fctind\u00fcn\u00fd\u00e4 mirasy komitetini\u0148 Saud Arabystany Paty\u015falygyny\u0148 Er-Ri\u00fdad \u015f\u00e4herinde ge\u00e7irilen 45-nji gi\u0148i\u015fle\u00fdin mejlisinde kabul edildi. Degi\u015fli g\u00fcw\u00e4namany BMG-ni\u0148 \u00d6s\u00fc\u015f maksatnamasyny\u0148 T\u00fcrkmenistandaky hemi\u015felik wekili Narine Saak\u00fdan 2023-nji \u00fdyly\u0148 27-nji dekabrynda Arkadag Serdarly bagty\u00fdar \u00fda\u015flar \u00fdylyny\u0148 jemlerine bagy\u015flanyp ge\u00e7irilen halkara ylmy-amaly maslahaty\u0148 dowamynda t\u00fcrkmen tarapyna gow\u015furdy.<br \/>\nIlkinji gezek ge\u00e7iril\u00fd\u00e4n halkara ylmy-amaly maslahaty\u0148 esasy maksady Be\u00fdik \u00dd\u00fcpek \u00fdoluny\u0148 ugrunda \u00fderle\u015fen, strategik ta\u00fddan \u00e4hmi\u00fdetli ge\u00e7elge bolan bu gala d\u00fcn\u00fd\u00e4ni\u0148 ylmy jemgy\u00fdet\u00e7iligini\u0148, taryh\u00e7ylary\u0148, arheologlary\u0148 \u00fcns\u00fcni \u00e7ekmekden, gazuw-agtary\u015f we ylmy-barlag i\u015flerini dowam etdirmek arkaly ylmy bin\u00fdady d\u00f6retmekden, medeni diplomati\u00fdany \u00f6sd\u00fcrmekden, ony halkara gi\u0148i\u015flige gi\u0148den \u00fda\u00fdmakdan ybaratdyr.<br \/>\nWekil\u00e7ilikli maslahata T\u00fcrkmenistandan, \u015fe\u00fdle hem da\u015fary \u00fdurtlardan me\u015fhur taryh\u00e7ylar, arheologlar, etnograflar, g\u00fcndogar\u015fynaslar, tanymal professorlar, \u00fda\u015f alymlar, Be\u00fdik Britani\u00fdadan, Russi\u00fda Federasi\u00fdasyndan, RF-ni\u0148 Tatarystan Respublikasyndan, Gazagystandan, Gyrgyzystandan, T\u00e4jigistandan, \u00d6zbegistandan bilermenler \u00e7agyryldy. Olar myhmans\u00f6\u00fder t\u00fcrkmen topragynda m\u00e4hirli gar\u015fylanyldy.<br \/>\n\u00c7\u00e4r\u00e4ni\u0148 \u00e7\u00e4klerinde maslahata gatna\u015fyjylar a\u00e7yk asmany\u0148 astyndaky \u00fdadyg\u00e4rlik bolan gadymy Amul \u015f\u00e4herine baryp g\u00f6rd\u00fcler we onu\u0148 binag\u00e4rlik gurlu\u015fy bilen tany\u015fdylar. Bu gadymy \u015f\u00e4her T\u00fcrkmenabat \u2014 Kerki awtoulag \u00fdolundan 619 metr uzaklykda, T\u00fcrkmenabat \u015f\u00e4herini\u0148 g\u00fcnorta b\u00f6leginde \u00fderle\u015f\u00fd\u00e4r. \u015ee\u00fdle hem myhmanlar Lebap wela\u00fdat Taryhy we \u00fclk\u00e4ni \u00f6wreni\u015f muze\u00fdine a\u00fdlandylar.<br \/>\nForumy\u0148 \u00f6\u0148\u00fcsyrasynda Be\u00fdik \u00dd\u00fcpek \u00fdoluny\u0148 ugrundaky s\u00f6wda \u015f\u00e4herlerini\u0148 biri bolan gadymy Amul galasyna bagy\u015flanan mowzukla\u00fdyn sergi guraldy. Bu gala arheologik we etnografik \u00fdadyg\u00e4rlik h\u00f6km\u00fcnde alymlary\u0148 \u00fcns\u00fcni \u00f6z\u00fcne \u00e7ek\u00fd\u00e4r.<br \/>\nMaslahata gatna\u015fyjylar T\u00fcrkmenistany\u0148 \u00ddUNESKO-ny\u0148 halkara ynsanperwer we medeni hyzmatda\u015flygy \u00f6sd\u00fcrm\u00e4ge g\u00f6n\u00fckdirilen k\u00f6p sanly taslamalaryna hem-de maksatnamalaryna gatna\u015fmak arkaly \u00f6z\u00fcni i\u015fje\u0148 hyzmatda\u015f h\u00f6km\u00fcnde g\u00f6rkezendigini nygtadylar.<br \/>\nMaslahatda bellenili\u015fi \u00fdaly, \u00fc\u00e7 \u00fdurdu\u0148 \u2014 T\u00fcrkmenistany\u0148, \u00d6zbegistany\u0148 we T\u00e4jigistany\u0148 \u00e7\u00e4ginde \u00fderle\u015f\u00fd\u00e4n Zerew\u015fan \u2014 Garagum ge\u00e7elgesi \u00e4hli ugurlary birle\u015fdir\u00fd\u00e4n Be\u00fdik \u00dd\u00fcpek \u00fdoluny\u0148 Merkezi Azi\u00fdadaky esasy b\u00f6legi bolupdyr.<br \/>\nT\u00fcrkmenistanda, T\u00e4jigistanda we \u00d6zbegistanda \u00fderle\u015f\u00fd\u00e4n 31 sany \u00fdadyg\u00e4rligi \u00f6z\u00fcnde jemle\u00fd\u00e4n transmilli h\u00f6d\u00fcrnama bizi\u0148 e\u00fd\u00fdamymyzdan \u00f6\u0148ki II asyrdan bizi\u0148 e\u00fd\u00fdamymyzy\u0148 XVI asyryna \u00e7enli hereket eden gadymy s\u00f6wda \u00fdoluny\u0148 bu b\u00f6leginde binag\u00e4rlik, tehnologi\u00fdalar, monumental sungat, \u015f\u00e4her gurlu\u015fygy pudaklarynda \u00fdokary derejelere \u00fdetilendigini g\u00f6rkez\u00fd\u00e4r. \u00dc\u00e7 \u00fdurdu\u0148 wekilleri birn\u00e4\u00e7e \u00fdadyg\u00e4rlikleri \u00ddUNESKO-ny\u0148 B\u00fctind\u00fcn\u00fd\u00e4 mirasyny\u0148 sanawyna go\u015fmak \u00fc\u00e7in bilelikde uly i\u015fleri alyp bardylar. \u015ee\u00fdle gi\u0148 gerimli taslamany\u0148 t\u00fcrkmen b\u00f6legi T\u00fcrkmenistany\u0148 Taryhy we medeni \u00fdadyg\u00e4rlikleri goramak, \u00f6wrenmek hem-de rejelemek baradaky milli m\u00fcdirligini\u0148, \u00abKerki\u00bb, \u00abGadymy Merw\u00bb d\u00f6wlet taryhy-medeni goraghanalaryny\u0148 h\u00fcn\u00e4rmenlerini\u0148 gatna\u015fmagynda i\u015flenip d\u00fcz\u00fcldi.<\/p>\n<p><img decoding=\"async\" loading=\"lazy\" class=\"aligncenter wp-image-105793 size-full\" src=\"https:\/\/zamanturkmenistan.com.tm\/wp-content\/uploads\/2024\/04\/gadymy-amul-galasy-maslahat-260424-026.jpg\" alt=\"\" width=\"900\" height=\"600\" srcset=\"https:\/\/zamanturkmenistan.com.tm\/wp-content\/uploads\/2024\/04\/gadymy-amul-galasy-maslahat-260424-026.jpg 900w, https:\/\/zamanturkmenistan.com.tm\/wp-content\/uploads\/2024\/04\/gadymy-amul-galasy-maslahat-260424-026-300x200.jpg 300w, https:\/\/zamanturkmenistan.com.tm\/wp-content\/uploads\/2024\/04\/gadymy-amul-galasy-maslahat-260424-026-768x512.jpg 768w, https:\/\/zamanturkmenistan.com.tm\/wp-content\/uploads\/2024\/04\/gadymy-amul-galasy-maslahat-260424-026-696x464.jpg 696w, https:\/\/zamanturkmenistan.com.tm\/wp-content\/uploads\/2024\/04\/gadymy-amul-galasy-maslahat-260424-026-630x420.jpg 630w\" sizes=\"(max-width: 900px) 100vw, 900px\" \/><br \/>\nAmul \u2014 Merw \u00fdoluny\u0148 ugrunda \u00ddUNESKO-ny\u0148 B\u00fctind\u00fcn\u00fd\u00e4 mirasyny\u0148 sanawyna girizilen t\u00fcrkmen orta asyr \u015f\u00e4herleri, galalar, kerwensara\u00fdlar saklanyp galypdyr. Bu \u00fdadyg\u00e4rlikleri\u0148 hatarynda Amul galasy we Ku\u015fme\u00fdhan \u015f\u00e4heri, Mansaf rabady, K\u00f6negala at-Tahmalaj, Akjagala, Gyzyljagala kerwensara\u00fdlary bar. \u00c7\u00e4r\u00e4 gatna\u015fyjylar t\u00fcrkmen arheologlary tarapyndan bu \u00fdadyg\u00e4rliklerde ge\u00e7irilen arheologik g\u00f6zlegleri\u0148 we da\u015fary \u00fdurtly alymlar bilen bilelikde ge\u00e7irilen ekspedisi\u00fdalary\u0148 netijeleri, Be\u00fdik \u00dd\u00fcpek \u00fdoluny\u0148 ugrunda \u00fderle\u015f\u00fd\u00e4n orta asyr t\u00fcrkmen \u015f\u00e4herlerinde maddy medeni\u00fdeti\u0148 g\u00fcll\u00e4p \u00f6sendigine \u015fa\u00fdatlyk ed\u00fd\u00e4n taryhy tapyndylar bilen tany\u015fdylar.<\/p>\n","protected":false},"excerpt":{"rendered":"<p>26-njy aprelde T\u00fcrkmenabat \u015f\u00e4herinde \u201cBe\u00fdik \u00dd\u00fcpek \u00fdoly: Zerew\u015fan\u2014Garagum ge\u00e7elgesini\u0148\u201d \u00e7\u00e4gind\u00e4ki Amul galasyny\u0148 \u00ddUNESKO-ny\u0148 B\u00fctind\u00fcn\u00fd\u00e4 mirasyny\u0148 sanawyna girizilmegi mynasybetli \u201cGadymy Amul galasy: ge\u00e7mi\u015fi\u0148 syrlaryny\u0148 gorag\u00e7ysy\u201d atly halkara ylmy-amaly maslahat ge\u00e7irildi. \u201cP\u00e4him-pa\u00fdhas ummany Magtymguly Pyragy\u201d \u00fdylynda ge\u00e7iril\u00fd\u00e4n bu \u00e7\u00e4re Ylymlar akademi\u00fdasy, \u00ddUNESKO-ny\u0148 i\u015fleri barada T\u00fcrkmenistany\u0148 milli topary we Lebap wela\u00fdat h\u00e4kimligi tarapyndan bilelikde guraldy. M\u00e4lim bol\u015fy \u00fdaly, [&hellip;]<\/p>\n","protected":false},"author":2,"featured_media":105794,"comment_status":"open","ping_status":"closed","sticky":false,"template":"","format":"standard","meta":{"footnotes":""},"categories":[3],"tags":[],"acf":[],"_links":{"self":[{"href":"https:\/\/zamanturkmenistan.com.tm\/index.php?rest_route=\/wp\/v2\/posts\/105792"}],"collection":[{"href":"https:\/\/zamanturkmenistan.com.tm\/index.php?rest_route=\/wp\/v2\/posts"}],"about":[{"href":"https:\/\/zamanturkmenistan.com.tm\/index.php?rest_route=\/wp\/v2\/types\/post"}],"author":[{"embeddable":true,"href":"https:\/\/zamanturkmenistan.com.tm\/index.php?rest_route=\/wp\/v2\/users\/2"}],"replies":[{"embeddable":true,"href":"https:\/\/zamanturkmenistan.com.tm\/index.php?rest_route=%2Fwp%2Fv2%2Fcomments&post=105792"}],"version-history":[{"count":1,"href":"https:\/\/zamanturkmenistan.com.tm\/index.php?rest_route=\/wp\/v2\/posts\/105792\/revisions"}],"predecessor-version":[{"id":105795,"href":"https:\/\/zamanturkmenistan.com.tm\/index.php?rest_route=\/wp\/v2\/posts\/105792\/revisions\/105795"}],"wp:featuredmedia":[{"embeddable":true,"href":"https:\/\/zamanturkmenistan.com.tm\/index.php?rest_route=\/wp\/v2\/media\/105794"}],"wp:attachment":[{"href":"https:\/\/zamanturkmenistan.com.tm\/index.php?rest_route=%2Fwp%2Fv2%2Fmedia&parent=105792"}],"wp:term":[{"taxonomy":"category","embeddable":true,"href":"https:\/\/zamanturkmenistan.com.tm\/index.php?rest_route=%2Fwp%2Fv2%2Fcategories&post=105792"},{"taxonomy":"post_tag","embeddable":true,"href":"https:\/\/zamanturkmenistan.com.tm\/index.php?rest_route=%2Fwp%2Fv2%2Ftags&post=105792"}],"curies":[{"name":"wp","href":"https:\/\/api.w.org\/{rel}","templated":true}]}}