{"id":105797,"date":"2024-04-27T10:19:42","date_gmt":"2024-04-27T05:19:42","guid":{"rendered":"https:\/\/zamanturkmenistan.com.tm\/?p=105797"},"modified":"2024-04-27T10:19:42","modified_gmt":"2024-04-27T05:19:42","slug":"belavia-turkmenistana-awiagatnawynyn-sanyny-artdyryar","status":"publish","type":"post","link":"https:\/\/zamanturkmenistan.com.tm\/?p=105797","title":{"rendered":"\u201cBelavia\u201d T\u00fcrkmenistana awiagatnawyny\u0148 sanyny artdyr\u00fdar"},"content":{"rendered":"<p>Belarus Respublikasyny\u0148 \u00abBelavia\u00bb d\u00f6wlet awiakompani\u00fdasy 12-nji awgust \u2013 2-nji sent\u00fdabr aralygynda di\u0148e si\u015fenbe g\u00fcnleri d\u00e4l, e\u00fdsem, du\u015fenbe g\u00fcnleri hem T\u00fcrkmenistana awiagatnawy amala a\u015fyrar.<br \/>\n<strong>T\u00e4ze u\u00e7u\u015f tertibi:<\/strong><br \/>\nMinskden ugra\u00fdan wagty \u2013 19:40, T\u00fcrkmenba\u015fy \u015f\u00e4herine gelip gon\u00fdan wagty \u2014 1:50.<br \/>\nT\u00fcrkmenba\u015fydan \u00fdola d\u00fc\u015f\u00fd\u00e4n wagty \u2014 2:50, Minske bar\u00fdan wagty \u2014 5:10.<br \/>\nU\u00e7u\u015flary\u0148 tertibini\u0148 \u00fderli wagt bilen g\u00f6rkezil\u00fd\u00e4ndigini unutma\u0148!<br \/>\n\u00ddol peteklerini\u0148 nyrhy we be\u00fdleki maglumatlar \u00fc\u00e7in &#8220;<a href=\"https:\/\/belavia.by\/\">belavia.by<\/a>&#8221; web sa\u00fdtyna girip bilersi\u0148iz!<\/p>\n","protected":false},"excerpt":{"rendered":"<p>Belarus Respublikasyny\u0148 \u00abBelavia\u00bb d\u00f6wlet awiakompani\u00fdasy 12-nji awgust \u2013 2-nji sent\u00fdabr aralygynda di\u0148e si\u015fenbe g\u00fcnleri d\u00e4l, e\u00fdsem, du\u015fenbe g\u00fcnleri hem T\u00fcrkmenistana awiagatnawy amala a\u015fyrar. T\u00e4ze u\u00e7u\u015f tertibi: Minskden ugra\u00fdan wagty \u2013 19:40, T\u00fcrkmenba\u015fy \u015f\u00e4herine gelip gon\u00fdan wagty \u2014 1:50. T\u00fcrkmenba\u015fydan \u00fdola d\u00fc\u015f\u00fd\u00e4n wagty \u2014 2:50, Minske bar\u00fdan wagty \u2014 5:10. U\u00e7u\u015flary\u0148 tertibini\u0148 \u00fderli wagt bilen g\u00f6rkezil\u00fd\u00e4ndigini [&hellip;]<\/p>\n","protected":false},"author":2,"featured_media":105798,"comment_status":"open","ping_status":"closed","sticky":false,"template":"","format":"standard","meta":{"footnotes":""},"categories":[8273],"tags":[],"acf":[],"_links":{"self":[{"href":"https:\/\/zamanturkmenistan.com.tm\/index.php?rest_route=\/wp\/v2\/posts\/105797"}],"collection":[{"href":"https:\/\/zamanturkmenistan.com.tm\/index.php?rest_route=\/wp\/v2\/posts"}],"about":[{"href":"https:\/\/zamanturkmenistan.com.tm\/index.php?rest_route=\/wp\/v2\/types\/post"}],"author":[{"embeddable":true,"href":"https:\/\/zamanturkmenistan.com.tm\/index.php?rest_route=\/wp\/v2\/users\/2"}],"replies":[{"embeddable":true,"href":"https:\/\/zamanturkmenistan.com.tm\/index.php?rest_route=%2Fwp%2Fv2%2Fcomments&post=105797"}],"version-history":[{"count":1,"href":"https:\/\/zamanturkmenistan.com.tm\/index.php?rest_route=\/wp\/v2\/posts\/105797\/revisions"}],"predecessor-version":[{"id":105799,"href":"https:\/\/zamanturkmenistan.com.tm\/index.php?rest_route=\/wp\/v2\/posts\/105797\/revisions\/105799"}],"wp:featuredmedia":[{"embeddable":true,"href":"https:\/\/zamanturkmenistan.com.tm\/index.php?rest_route=\/wp\/v2\/media\/105798"}],"wp:attachment":[{"href":"https:\/\/zamanturkmenistan.com.tm\/index.php?rest_route=%2Fwp%2Fv2%2Fmedia&parent=105797"}],"wp:term":[{"taxonomy":"category","embeddable":true,"href":"https:\/\/zamanturkmenistan.com.tm\/index.php?rest_route=%2Fwp%2Fv2%2Fcategories&post=105797"},{"taxonomy":"post_tag","embeddable":true,"href":"https:\/\/zamanturkmenistan.com.tm\/index.php?rest_route=%2Fwp%2Fv2%2Ftags&post=105797"}],"curies":[{"name":"wp","href":"https:\/\/api.w.org\/{rel}","templated":true}]}}