{"id":105807,"date":"2024-04-27T10:49:38","date_gmt":"2024-04-27T05:49:38","guid":{"rendered":"https:\/\/zamanturkmenistan.com.tm\/?p=105807"},"modified":"2024-04-27T10:49:38","modified_gmt":"2024-04-27T05:49:38","slug":"turkmen-halkynyn-milli-lideri-germaniyanyn-atcylyk-firmasynyn-yolbascysy-bilen-dususdy","status":"publish","type":"post","link":"https:\/\/zamanturkmenistan.com.tm\/?p=105807","title":{"rendered":"T\u00fcrkmen halkyny\u0148 Milli Lideri Germani\u00fdany\u0148 at\u00e7ylyk firmasyny\u0148 \u00fdolba\u015f\u00e7ysy bilen du\u015fu\u015fdy"},"content":{"rendered":"<p>26-njy aprelde t\u00fcrkmen halkyny\u0148 Milli Lideri, T\u00fcrkmenistany\u0148 Halk Maslahatyny\u0148 Ba\u015flygy Gurbanguly Berdimuhamedow Arkadag \u015f\u00e4herine i\u015f saparyny amala a\u015fyryp, d\u00f6wrebap ahalteke at\u00e7ylyk athanasyna geldi. Bu \u00fderde Gahryman Arkadagymyz Halkara ahalteke at\u00e7ylyk assosiasi\u00fdasyny\u0148 agzasy, GFR-i\u0148 \u201cJe\u00fdkob Ferdezu\u00e7t GBR\u201d at\u00e7ylyk firmasyny\u0148 direktory Katarina-Irena Anna-Margarita \u00ddakob bilen g\u00fcrr\u00fc\u0148de\u015f boldy hem-de Arkadag \u015f\u00e4herini\u0148 futbol toparyny\u0148 t\u00fcrgenleri bilen du\u015fu\u015fdy.<\/p>\n<p><img decoding=\"async\" loading=\"lazy\" class=\"alignleft wp-image-105810 size-medium\" src=\"https:\/\/zamanturkmenistan.com.tm\/wp-content\/uploads\/2024\/04\/katarine-margarita-anna-jacob-260424-PR3-221x300.jpg\" alt=\"\" width=\"221\" height=\"300\" srcset=\"https:\/\/zamanturkmenistan.com.tm\/wp-content\/uploads\/2024\/04\/katarine-margarita-anna-jacob-260424-PR3-221x300.jpg 221w, https:\/\/zamanturkmenistan.com.tm\/wp-content\/uploads\/2024\/04\/katarine-margarita-anna-jacob-260424-PR3-755x1024.jpg 755w, https:\/\/zamanturkmenistan.com.tm\/wp-content\/uploads\/2024\/04\/katarine-margarita-anna-jacob-260424-PR3-768x1041.jpg 768w, https:\/\/zamanturkmenistan.com.tm\/wp-content\/uploads\/2024\/04\/katarine-margarita-anna-jacob-260424-PR3-696x943.jpg 696w, https:\/\/zamanturkmenistan.com.tm\/wp-content\/uploads\/2024\/04\/katarine-margarita-anna-jacob-260424-PR3-310x420.jpg 310w, https:\/\/zamanturkmenistan.com.tm\/wp-content\/uploads\/2024\/04\/katarine-margarita-anna-jacob-260424-PR3.jpg 900w\" sizes=\"(max-width: 221px) 100vw, 221px\" \/>Gahryman Arkadagymyz bu \u00fderde halkymyzy\u0148 hem-de umumadamzat medeni\u00fdetini\u0148 gymmatlygyna \u00f6wr\u00fclen ganatly bedewleri\u0148 hormatyna gural\u00fdan dabaralara gatna\u015fmak \u00fc\u00e7in T\u00fcrkmenistana gelen Halkara ahalteke at\u00e7ylyk assosiasi\u00fdasyny\u0148 agzasy, GFR-i\u0148 \u201cJe\u00fdkob Ferdezu\u00e7t GBR\u201d at\u00e7ylyk firmasyny\u0148 direktory Katarina-Irena Anna-Margarita \u00ddakob bilen du\u015fu\u015fyp, ahalteke atlaryny\u0148 d\u00fcn\u00fd\u00e4d\u00e4ki \u015f\u00f6hratyny\u0148 belende galmagy ugrunda halkara gi\u0148i\u015flikde amala a\u015fyryl\u00fdan i\u015fler bo\u00fdun\u00e7a pikir aly\u015fdy.<br \/>\nAja\u00fdyp ahalteke bedewlerini\u0148 \u00fdanynda bolan s\u00f6hbetde\u015fligi\u0148 dowamynda Milli Liderimiz \u00fdurdumyzda ge\u00e7iril\u00fd\u00e4n ba\u00fdram\u00e7ylyk \u00e7\u00e4relerine, a\u00fdratyn-da, T\u00fcrkmen bedewini\u0148 milli ba\u00fdramyna i\u015fje\u0148 gatna\u015f\u00fdandygy \u00fc\u00e7in myhmana minnetdarlyk bildirip, bedewleri\u0148 pa\u00fdhasly pederlerimizi\u0148 \u00fditi zehinini\u0148 miwesidigini we onu\u0148 bizi\u0148 g\u00fcnlerimize gelip \u00fdeten in\u00e7e sungatdygyny belledi. Bu k\u00fcnjekde ahalteke bedewlerini \u00f6sd\u00fcrip \u00fdeti\u015fdirmek, olary\u0148 arassa ganlylygyny saklamak \u00fc\u00e7in \u00e4hli zerur \u015fertler d\u00f6redildi. \u015eunda bu \u00fderleri\u0148 tebigy a\u00fdratynlygy, howa gur\u015fawyny\u0148 \u00fdakymlylygy a\u00fdratyn nygtalmaga mynasypdyr.<br \/>\nH\u00e4zirki d\u00f6w\u00fcrde T\u00fcrkmenistanda at\u00e7ylygy \u00f6sd\u00fcrm\u00e4ge, ony halkara gi\u0148i\u015flikde wagyz etm\u00e4ge d\u00f6wlet tarapyndan uly \u00e4hmi\u00fdet beril\u00fd\u00e4r.<br \/>\nKatarina \u00ddakob t\u00fcrkmen topragynda bildirilen myhmans\u00f6\u00fderlik we ahalteke atlaryny\u0148 \u015fanyna gural\u00fdan ba\u00fdram\u00e7ylyk \u00e7\u00e4relerini\u0148, \u015fol sanda halkara \u00e4hmi\u00fdetli forumlary\u0148 \u00fdokary gurama\u00e7ylyk derejesini\u0148 \u00fcpj\u00fcn edil\u00fd\u00e4ndigi \u00fc\u00e7in Gahryman Arkadagymyza, hormatly Prezidentimize t\u00fc\u00fds \u00fd\u00fcrekden ho\u015fallyk bildirdi. \u015ee\u00fdle-de, ol at\u00e7ylygy durmu\u015f \u00fd\u00f6relgesine \u00f6wren h\u00fcn\u00e4rmenler \u00fc\u00e7in ahalteke bedewlerini\u0148 asyl mekanynda gural\u00fdan dabaralara gatna\u015fmagy\u0148 uly hormatdygyny a\u00fdratyn nygtady.<br \/>\nMyhman k\u00f6p \u00fdyllardan b\u00e4ri at\u00e7ylyk bilen gyzyklan\u00fdandygyny, ahalteke bedewlerini bolsa \u00f6z\u00fcne has \u00fdakyn sa\u00fd\u00fdandygyny belledi hem-de ganatly bedewleri\u0148 asyl mekanynda bolmagy\u0148, arassa ganly ahalteke atlary bilen didarla\u015fmagy\u0148 \u00f6zi \u00fc\u00e7in uly hormatdygyny a\u00fdtdy.<br \/>\nMilli Liderimiz Halkara ahalteke at\u00e7ylyk assosiasi\u00fdasyny\u0148 d\u00f6redilmegini\u0148 we onu\u0148 \u015ftab-kwartirasyny\u0148 A\u015fgabatda \u00fderle\u015fmegini\u0148 da\u015fary d\u00f6wletler bilen bu ugurda \u00fdola go\u00fdlan hyzmatda\u015flygy gi\u0148eltm\u00e4ge m\u00fcmkin\u00e7ilik ber\u00fd\u00e4ndigini, d\u00fcrli \u00fdurtlary\u0148 wekillerini\u0148 assosiasi\u00fdany\u0148 agzalygyna kabul edilmegini\u0148 at\u00e7ylyk pudagynda halkara hyzmatda\u015flygy\u0148 \u00f6sd\u00fcrilmegine gi\u0148 \u00fdol a\u00e7\u00fdandygyny a\u00fdtdy.<br \/>\nGahryman Arkadagymyz ahalteke bedewlerini\u0148 \u00dder \u00fd\u00fcz\u00fcnd\u00e4ki abra\u00fdyny\u0148 belende galmagy ugrunda \u00fda\u00fdba\u0148landyrylan gi\u0148 m\u00f6\u00e7berli i\u015flere mynasyp go\u015fant go\u015f\u00fdandygy nazara alnyp, Katarina-Irena Anna-Margarita \u00ddakoby\u0148 T\u00fcrkmenistany\u0148 d\u00f6wlet sylaglaryna we hormatly atlaryna mynasyp bolmagyny\u0148 onu\u0148 bu ugurda \u00e7ek\u00fd\u00e4n z\u00e4hmetine berlen \u00fdokary bahadygyny belledi.<br \/>\nMyhman Milli Liderimize t\u00fc\u00fds \u00fd\u00fcrekden ho\u015fallyk bildirip, d\u00fcn\u00fd\u00e4ni\u0148 at\u00e7ylyk pudagynda na\u00fdba\u015fy tohum hasaplan\u00fdan ahalteke bedewlerini\u0148 \u015fan-\u015f\u00f6hratyny\u0148 mundan be\u00fdl\u00e4k-de belende g\u00f6terilmegi ugrunda amala a\u015fyryl\u00fdan i\u015flere mynasyp go\u015fant go\u015fmagy\u0148 durmu\u015f \u00fd\u00f6relgesine \u00f6wr\u00fclendigini, munu\u0148 \u00f6zi \u00fc\u00e7in uly hormatdygyny a\u00fdtdy.<\/p>\n<p><em><strong>\u201cArkadag\u201d futbol toparyny\u0148 t\u00fcrgenleri bilen du\u015fu\u015fyk<\/strong><\/em><br \/>\nSo\u0148ra t\u00fcrkmen halkyny\u0148 Milli Lideri bu \u00fderden Arkadag \u015f\u00e4herini\u0148 k\u00f6pugurly stadionyna geldi. D\u00f6wrebap stadionda \u201cArkadag\u201d futbol toparyny\u0148 t\u00fcrgenleri t\u00fcrgenle\u015fik ge\u00e7\u00fd\u00e4rler. Gahryman Arkadagymyz t\u00fcrkmen sportuny\u0148 belende galmagy ugrunda yhlasyny ga\u00fdgyrman tagalla ed\u00fd\u00e4n futbol\u00e7ylary\u0148 t\u00fcrgenle\u015fiklerini synlady.<br \/>\nM\u00e4lim bol\u015fy \u00fdaly, Milli Liderimizi\u0148 ba\u015flangyjy esasynda bin\u00fdat bolan t\u00e4ze \u015f\u00e4heri\u0148 futbol topary 2023-nji \u00fdylda d\u00f6redilip, ilkinji \u00fdyldan \u00fcst\u00fcnlikli \u00e7yky\u015f etdi. \u015ee\u00fdlelikde, \u201cArkadag\u201d futbol topary T\u00fcrkmenistany\u0148 \u00e7empionatynda \u00fdurdumyzy\u0148 Kubogyna e\u00fde boldy.<br \/>\nGahryman Arkadagymyz futbol\u00e7ylary\u0148 umumy \u00fdagda\u00fdy, olary\u0148 maddy \u00fcpj\u00fcn\u00e7iligi bilen gyzyklanyp, d\u00f6wletimizi\u0148 t\u00fcrkmen sportuny\u0148 mundan be\u00fdl\u00e4k-de \u00f6smegi, \u015fol sanda futboly\u0148 d\u00fcn\u00fd\u00e4 derejesine \u00e7ykmagy ugrunda \u00e4hli tagallalary etjekdigini belledi hem-de bu topary\u0148 T\u00fcrkmenistany\u0148 \u00e7empionatynda \u00fde\u0148i\u015f gazanmagyny\u0148 \u00e4hmi\u00fdetli waka \u00f6wr\u00fclendigini a\u00fdtdy.<\/p>\n","protected":false},"excerpt":{"rendered":"<p>26-njy aprelde t\u00fcrkmen halkyny\u0148 Milli Lideri, T\u00fcrkmenistany\u0148 Halk Maslahatyny\u0148 Ba\u015flygy Gurbanguly Berdimuhamedow Arkadag \u015f\u00e4herine i\u015f saparyny amala a\u015fyryp, d\u00f6wrebap ahalteke at\u00e7ylyk athanasyna geldi. Bu \u00fderde Gahryman Arkadagymyz Halkara ahalteke at\u00e7ylyk assosiasi\u00fdasyny\u0148 agzasy, GFR-i\u0148 \u201cJe\u00fdkob Ferdezu\u00e7t GBR\u201d at\u00e7ylyk firmasyny\u0148 direktory Katarina-Irena Anna-Margarita \u00ddakob bilen g\u00fcrr\u00fc\u0148de\u015f boldy hem-de Arkadag \u015f\u00e4herini\u0148 futbol toparyny\u0148 t\u00fcrgenleri bilen du\u015fu\u015fdy. Gahryman Arkadagymyz [&hellip;]<\/p>\n","protected":false},"author":2,"featured_media":105809,"comment_status":"open","ping_status":"closed","sticky":false,"template":"","format":"standard","meta":{"footnotes":""},"categories":[3],"tags":[],"acf":[],"_links":{"self":[{"href":"https:\/\/zamanturkmenistan.com.tm\/index.php?rest_route=\/wp\/v2\/posts\/105807"}],"collection":[{"href":"https:\/\/zamanturkmenistan.com.tm\/index.php?rest_route=\/wp\/v2\/posts"}],"about":[{"href":"https:\/\/zamanturkmenistan.com.tm\/index.php?rest_route=\/wp\/v2\/types\/post"}],"author":[{"embeddable":true,"href":"https:\/\/zamanturkmenistan.com.tm\/index.php?rest_route=\/wp\/v2\/users\/2"}],"replies":[{"embeddable":true,"href":"https:\/\/zamanturkmenistan.com.tm\/index.php?rest_route=%2Fwp%2Fv2%2Fcomments&post=105807"}],"version-history":[{"count":1,"href":"https:\/\/zamanturkmenistan.com.tm\/index.php?rest_route=\/wp\/v2\/posts\/105807\/revisions"}],"predecessor-version":[{"id":105811,"href":"https:\/\/zamanturkmenistan.com.tm\/index.php?rest_route=\/wp\/v2\/posts\/105807\/revisions\/105811"}],"wp:featuredmedia":[{"embeddable":true,"href":"https:\/\/zamanturkmenistan.com.tm\/index.php?rest_route=\/wp\/v2\/media\/105809"}],"wp:attachment":[{"href":"https:\/\/zamanturkmenistan.com.tm\/index.php?rest_route=%2Fwp%2Fv2%2Fmedia&parent=105807"}],"wp:term":[{"taxonomy":"category","embeddable":true,"href":"https:\/\/zamanturkmenistan.com.tm\/index.php?rest_route=%2Fwp%2Fv2%2Fcategories&post=105807"},{"taxonomy":"post_tag","embeddable":true,"href":"https:\/\/zamanturkmenistan.com.tm\/index.php?rest_route=%2Fwp%2Fv2%2Ftags&post=105807"}],"curies":[{"name":"wp","href":"https:\/\/api.w.org\/{rel}","templated":true}]}}