{"id":105886,"date":"2024-04-29T10:43:11","date_gmt":"2024-04-29T05:43:11","guid":{"rendered":"https:\/\/zamanturkmenistan.com.tm\/?p=105886"},"modified":"2024-04-29T10:43:11","modified_gmt":"2024-04-29T05:43:11","slug":"29-njy-aprel-halkara-tans-guni","status":"publish","type":"post","link":"https:\/\/zamanturkmenistan.com.tm\/?p=105886","title":{"rendered":"29-njy aprel \u2013 Halkara tans g\u00fcni"},"content":{"rendered":"<p>1982-nji \u00fdyly\u0148 29-njy aprelinden b\u00e4ri b\u00fctin d\u00fcn\u00fd\u00e4de Halkara tans g\u00fcni (International Dance Day) bellenil\u00fd\u00e4r. Bu sene \u00ddUNESKO-ny\u0148 Halkara tans ge\u0148e\u015fini\u0148 (International Dance Council, CID) ba\u015flangyjy bilen kabul edil\u00fd\u00e4r. Tans g\u00fcni rus horeografy P\u00fdotr Gus\u00fdewi\u0148 teklip etmegi bilen fransi\u00fdaly baletme\u00fdster we h\u00e4zirki zaman balet tansyny\u0148 d\u00fc\u00fdb\u00fcni tutujy \u017dan-\u017dor\u017e Noweri\u0148 doglan g\u00fcn\u00fcne (29-njy aprel, 1727-nji \u00fdyl) gabatlanyp ge\u00e7iril\u00fd\u00e4r. Her \u00fdyl tans g\u00fcni mynasybetli d\u00fcrli tans ag\u015famlary, festiwallar, tansy\u0148 d\u00fcrli ugurlaryndan b\u00e4sle\u015fikler gural\u00fdar we \u00fde\u0148ijilere sowgatlar gow\u015furyl\u00fdar.<\/p>\n","protected":false},"excerpt":{"rendered":"<p>1982-nji \u00fdyly\u0148 29-njy aprelinden b\u00e4ri b\u00fctin d\u00fcn\u00fd\u00e4de Halkara tans g\u00fcni (International Dance Day) bellenil\u00fd\u00e4r. Bu sene \u00ddUNESKO-ny\u0148 Halkara tans ge\u0148e\u015fini\u0148 (International Dance Council, CID) ba\u015flangyjy bilen kabul edil\u00fd\u00e4r. Tans g\u00fcni rus horeografy P\u00fdotr Gus\u00fdewi\u0148 teklip etmegi bilen fransi\u00fdaly baletme\u00fdster we h\u00e4zirki zaman balet tansyny\u0148 d\u00fc\u00fdb\u00fcni tutujy \u017dan-\u017dor\u017e Noweri\u0148 doglan g\u00fcn\u00fcne (29-njy aprel, 1727-nji \u00fdyl) gabatlanyp [&hellip;]<\/p>\n","protected":false},"author":2,"featured_media":105887,"comment_status":"open","ping_status":"closed","sticky":false,"template":"","format":"standard","meta":{"footnotes":""},"categories":[402],"tags":[],"acf":[],"_links":{"self":[{"href":"https:\/\/zamanturkmenistan.com.tm\/index.php?rest_route=\/wp\/v2\/posts\/105886"}],"collection":[{"href":"https:\/\/zamanturkmenistan.com.tm\/index.php?rest_route=\/wp\/v2\/posts"}],"about":[{"href":"https:\/\/zamanturkmenistan.com.tm\/index.php?rest_route=\/wp\/v2\/types\/post"}],"author":[{"embeddable":true,"href":"https:\/\/zamanturkmenistan.com.tm\/index.php?rest_route=\/wp\/v2\/users\/2"}],"replies":[{"embeddable":true,"href":"https:\/\/zamanturkmenistan.com.tm\/index.php?rest_route=%2Fwp%2Fv2%2Fcomments&post=105886"}],"version-history":[{"count":1,"href":"https:\/\/zamanturkmenistan.com.tm\/index.php?rest_route=\/wp\/v2\/posts\/105886\/revisions"}],"predecessor-version":[{"id":105888,"href":"https:\/\/zamanturkmenistan.com.tm\/index.php?rest_route=\/wp\/v2\/posts\/105886\/revisions\/105888"}],"wp:featuredmedia":[{"embeddable":true,"href":"https:\/\/zamanturkmenistan.com.tm\/index.php?rest_route=\/wp\/v2\/media\/105887"}],"wp:attachment":[{"href":"https:\/\/zamanturkmenistan.com.tm\/index.php?rest_route=%2Fwp%2Fv2%2Fmedia&parent=105886"}],"wp:term":[{"taxonomy":"category","embeddable":true,"href":"https:\/\/zamanturkmenistan.com.tm\/index.php?rest_route=%2Fwp%2Fv2%2Fcategories&post=105886"},{"taxonomy":"post_tag","embeddable":true,"href":"https:\/\/zamanturkmenistan.com.tm\/index.php?rest_route=%2Fwp%2Fv2%2Ftags&post=105886"}],"curies":[{"name":"wp","href":"https:\/\/api.w.org\/{rel}","templated":true}]}}