{"id":10603,"date":"2017-11-13T17:26:33","date_gmt":"2017-11-13T12:26:33","guid":{"rendered":"http:\/\/zamanturkmenistan.com\/?p=10603"},"modified":"2017-11-13T17:26:33","modified_gmt":"2017-11-13T12:26:33","slug":"ahalteke-bedewleri-minskdaki-serginin-zynaty","status":"publish","type":"post","link":"https:\/\/zamanturkmenistan.com.tm\/?p=10603","title":{"rendered":"Ahalteke bedewleri \u2013 Minskd\u00e4ki sergini\u0148 zynaty"},"content":{"rendered":"<p>Be\u00adla\u00adrus Res\u00adpub\u00adli\u00adka\u00adsy\u00adny\u0148 pa\u00fd\u00adtag\u00adtyn\u00adda \u201cG\u00fc\u00fdz \u2013 2017\u201d at\u00adly to\u00adhum at\u00adla\u00adry\u00adna ba\u00adgy\u015f\u00adla\u00adnan hal\u00adka\u00adra ser\u00adgi\u00adsi ge\u00ad\u00e7i\u00adril\u00addi. Bu \u00e7\u00e4\u00adre \u00fdurt\u00adda ge\u00ad\u00e7i\u00adril\u00ad\u00fd\u00e4n \u00fde\u00adke-t\u00e4k at\u00ad\u00e7y\u00adlyk \u00e7\u00e4\u00adre\u00adsi bo\u00adlup, Be\u00adla\u00adru\u00adsy\u0148 hem-de da\u00ad\u015fa\u00adry \u00fdurt\u00adla\u00adry\u0148 at\u00ad\u00e7y\u00adlyk pu\u00adda\u00adgy\u00adny\u0148 we\u00adkil\u00adle\u00adri\u00adni bir \u00fde\u00adre jem\u00adle\u00ad\u00fd\u00e4r. Bu ser\u00adgi\u00adde d\u00fcn\u00ad\u00fd\u00e4\u00adni\u0148 d\u00fcr\u00adli \u00fdurt\u00adla\u00adry\u00adny\u0148 el\u00adli\u00adden gow\u00adra\u00adgyn\u00addan ge\u00adlen aja\u00ad\u00fdyp be\u00addew\u00adler g\u00f6r\u00adke\u00adzil\u00addi.<br \/>\nSer\u00adgi\u00adde d\u00fcn\u00ad\u00fd\u00e4\u00adni\u0148 me\u00adde\u00adni at\u00ad\u00e7y\u00adly\u00adgy\u00adny\u0148 has ga\u00addy\u00admy to\u00adhu\u00admy ha\u00adsap\u00adla\u00adnyl\u00ad\u00fdan ahal\u00adte\u00adke be\u00addew\u00adle\u00adri to\u00adma\u00ad\u015fa\u00ad\u00e7y\u00adlar\u00adda a\u00fd\u00adra\u00adtyn t\u00e4\u00adsir gal\u00addyr\u00addy. T\u00fcrk\u00adme\u00adnis\u00adta\u00adny\u0148 Be\u00adla\u00adrus\u00adda\u00adky il\u00ad\u00e7i\u00adha\u00adna\u00adsy\u00adny\u0148 \u00fdar\u00addam ber\u00adme\u00adgin\u00adde bu \u00fde\u00adre \u00fdyg\u00adna\u00adnan\u00adla\u00adra ahal\u00adte\u00adke be\u00addew\u00adle\u00adri\u00adni\u0148 gat\u00adna\u015f\u00adma\u00adgyn\u00adda gy\u00adzyk\u00adly mak\u00adsat\u00adna\u00adma to\u00adma\u00ad\u015fa et\u00adm\u00e4\u00adge m\u00fcm\u00adkin\u00ad\u00e7i\u00adlik d\u00f6\u00adre\u00addil\u00addi.<\/p>\n","protected":false},"excerpt":{"rendered":"<p>Be\u00adla\u00adrus Res\u00adpub\u00adli\u00adka\u00adsy\u00adny\u0148 pa\u00fd\u00adtag\u00adtyn\u00adda \u201cG\u00fc\u00fdz \u2013 2017\u201d at\u00adly to\u00adhum at\u00adla\u00adry\u00adna ba\u00adgy\u015f\u00adla\u00adnan hal\u00adka\u00adra ser\u00adgi\u00adsi ge\u00ad\u00e7i\u00adril\u00addi. Bu \u00e7\u00e4\u00adre \u00fdurt\u00adda ge\u00ad\u00e7i\u00adril\u00ad\u00fd\u00e4n \u00fde\u00adke-t\u00e4k at\u00ad\u00e7y\u00adlyk \u00e7\u00e4\u00adre\u00adsi bo\u00adlup, Be\u00adla\u00adru\u00adsy\u0148 hem-de da\u00ad\u015fa\u00adry \u00fdurt\u00adla\u00adry\u0148 at\u00ad\u00e7y\u00adlyk pu\u00adda\u00adgy\u00adny\u0148 we\u00adkil\u00adle\u00adri\u00adni bir \u00fde\u00adre jem\u00adle\u00ad\u00fd\u00e4r. Bu ser\u00adgi\u00adde d\u00fcn\u00ad\u00fd\u00e4\u00adni\u0148 d\u00fcr\u00adli \u00fdurt\u00adla\u00adry\u00adny\u0148 el\u00adli\u00adden gow\u00adra\u00adgyn\u00addan ge\u00adlen aja\u00ad\u00fdyp be\u00addew\u00adler g\u00f6r\u00adke\u00adzil\u00addi. Ser\u00adgi\u00adde d\u00fcn\u00ad\u00fd\u00e4\u00adni\u0148 me\u00adde\u00adni at\u00ad\u00e7y\u00adly\u00adgy\u00adny\u0148 has ga\u00addy\u00admy to\u00adhu\u00admy ha\u00adsap\u00adla\u00adnyl\u00ad\u00fdan ahal\u00adte\u00adke be\u00addew\u00adle\u00adri to\u00adma\u00ad\u015fa\u00ad\u00e7y\u00adlar\u00adda a\u00fd\u00adra\u00adtyn t\u00e4\u00adsir [&hellip;]<\/p>\n","protected":false},"author":1,"featured_media":10604,"comment_status":"open","ping_status":"closed","sticky":false,"template":"","format":"standard","meta":{"footnotes":""},"categories":[3],"tags":[],"acf":[],"_links":{"self":[{"href":"https:\/\/zamanturkmenistan.com.tm\/index.php?rest_route=\/wp\/v2\/posts\/10603"}],"collection":[{"href":"https:\/\/zamanturkmenistan.com.tm\/index.php?rest_route=\/wp\/v2\/posts"}],"about":[{"href":"https:\/\/zamanturkmenistan.com.tm\/index.php?rest_route=\/wp\/v2\/types\/post"}],"author":[{"embeddable":true,"href":"https:\/\/zamanturkmenistan.com.tm\/index.php?rest_route=\/wp\/v2\/users\/1"}],"replies":[{"embeddable":true,"href":"https:\/\/zamanturkmenistan.com.tm\/index.php?rest_route=%2Fwp%2Fv2%2Fcomments&post=10603"}],"version-history":[{"count":0,"href":"https:\/\/zamanturkmenistan.com.tm\/index.php?rest_route=\/wp\/v2\/posts\/10603\/revisions"}],"wp:featuredmedia":[{"embeddable":true,"href":"https:\/\/zamanturkmenistan.com.tm\/index.php?rest_route=\/wp\/v2\/media\/10604"}],"wp:attachment":[{"href":"https:\/\/zamanturkmenistan.com.tm\/index.php?rest_route=%2Fwp%2Fv2%2Fmedia&parent=10603"}],"wp:term":[{"taxonomy":"category","embeddable":true,"href":"https:\/\/zamanturkmenistan.com.tm\/index.php?rest_route=%2Fwp%2Fv2%2Fcategories&post=10603"},{"taxonomy":"post_tag","embeddable":true,"href":"https:\/\/zamanturkmenistan.com.tm\/index.php?rest_route=%2Fwp%2Fv2%2Ftags&post=10603"}],"curies":[{"name":"wp","href":"https:\/\/api.w.org\/{rel}","templated":true}]}}