{"id":106184,"date":"2024-05-03T11:01:34","date_gmt":"2024-05-03T06:01:34","guid":{"rendered":"https:\/\/zamanturkmenistan.com.tm\/?p=106184"},"modified":"2024-05-03T11:01:34","modified_gmt":"2024-05-03T06:01:34","slug":"ak-saherim-asgabat-atly-xxiii-kopugurly-halkara-sergi-geciriler","status":"publish","type":"post","link":"https:\/\/zamanturkmenistan.com.tm\/?p=106184","title":{"rendered":"\u00abAk \u015f\u00e4herim A\u015fgabat\u00bb atly XXIII k\u00f6pugurly halkara sergi ge\u00e7iriler"},"content":{"rendered":"<p>A\u015fgabat \u015f\u00e4herini\u0148 g\u00fcn\u00fcne bagy\u015flanyp her \u00fdyl ge\u00e7iril\u00fd\u00e4n ba\u00fdram\u00e7ylyk dabaralary\u0148 \u00e7\u00e4klerinde, 2024-nji \u00fdyly\u0148 24 \u2013 25-nji ma\u00fdynda T\u00fcrkmenistany\u0148 S\u00f6wda-senagat edarasyny\u0148 sergi zalynda \u00abAk \u015f\u00e4herim A\u015fgabat\u00bb atly XXIII k\u00f6pugurly halkara sergi ge\u00e7iriler.<br \/>\nBu k\u00f6pugurly halkara serg\u00e4 gatna\u015fmaga isleg bildir\u00fd\u00e4n taraplar, A\u015fgabat \u015f\u00e4her h\u00e4kimligini\u0148 hem-de T\u00fcrkmenistany\u0148 S\u00f6wda-senagat edarasyny\u0148 degi\u015fli b\u00f6l\u00fcmlerine \u00fd\u00fcz tutup bilerler.<\/p>\n","protected":false},"excerpt":{"rendered":"<p>A\u015fgabat \u015f\u00e4herini\u0148 g\u00fcn\u00fcne bagy\u015flanyp her \u00fdyl ge\u00e7iril\u00fd\u00e4n ba\u00fdram\u00e7ylyk dabaralary\u0148 \u00e7\u00e4klerinde, 2024-nji \u00fdyly\u0148 24 \u2013 25-nji ma\u00fdynda T\u00fcrkmenistany\u0148 S\u00f6wda-senagat edarasyny\u0148 sergi zalynda \u00abAk \u015f\u00e4herim A\u015fgabat\u00bb atly XXIII k\u00f6pugurly halkara sergi ge\u00e7iriler. Bu k\u00f6pugurly halkara serg\u00e4 gatna\u015fmaga isleg bildir\u00fd\u00e4n taraplar, A\u015fgabat \u015f\u00e4her h\u00e4kimligini\u0148 hem-de T\u00fcrkmenistany\u0148 S\u00f6wda-senagat edarasyny\u0148 degi\u015fli b\u00f6l\u00fcmlerine \u00fd\u00fcz tutup bilerler.<\/p>\n","protected":false},"author":2,"featured_media":106186,"comment_status":"open","ping_status":"closed","sticky":false,"template":"","format":"standard","meta":{"footnotes":""},"categories":[3],"tags":[],"acf":[],"_links":{"self":[{"href":"https:\/\/zamanturkmenistan.com.tm\/index.php?rest_route=\/wp\/v2\/posts\/106184"}],"collection":[{"href":"https:\/\/zamanturkmenistan.com.tm\/index.php?rest_route=\/wp\/v2\/posts"}],"about":[{"href":"https:\/\/zamanturkmenistan.com.tm\/index.php?rest_route=\/wp\/v2\/types\/post"}],"author":[{"embeddable":true,"href":"https:\/\/zamanturkmenistan.com.tm\/index.php?rest_route=\/wp\/v2\/users\/2"}],"replies":[{"embeddable":true,"href":"https:\/\/zamanturkmenistan.com.tm\/index.php?rest_route=%2Fwp%2Fv2%2Fcomments&post=106184"}],"version-history":[{"count":1,"href":"https:\/\/zamanturkmenistan.com.tm\/index.php?rest_route=\/wp\/v2\/posts\/106184\/revisions"}],"predecessor-version":[{"id":106187,"href":"https:\/\/zamanturkmenistan.com.tm\/index.php?rest_route=\/wp\/v2\/posts\/106184\/revisions\/106187"}],"wp:featuredmedia":[{"embeddable":true,"href":"https:\/\/zamanturkmenistan.com.tm\/index.php?rest_route=\/wp\/v2\/media\/106186"}],"wp:attachment":[{"href":"https:\/\/zamanturkmenistan.com.tm\/index.php?rest_route=%2Fwp%2Fv2%2Fmedia&parent=106184"}],"wp:term":[{"taxonomy":"category","embeddable":true,"href":"https:\/\/zamanturkmenistan.com.tm\/index.php?rest_route=%2Fwp%2Fv2%2Fcategories&post=106184"},{"taxonomy":"post_tag","embeddable":true,"href":"https:\/\/zamanturkmenistan.com.tm\/index.php?rest_route=%2Fwp%2Fv2%2Ftags&post=106184"}],"curies":[{"name":"wp","href":"https:\/\/api.w.org\/{rel}","templated":true}]}}