{"id":106435,"date":"2024-05-06T11:08:54","date_gmt":"2024-05-06T06:08:54","guid":{"rendered":"https:\/\/zamanturkmenistan.com.tm\/?p=106435"},"modified":"2024-05-06T11:08:54","modified_gmt":"2024-05-06T06:08:54","slug":"butindunya-sergisi-hem-de-eyfel-dini-acylyar","status":"publish","type":"post","link":"https:\/\/zamanturkmenistan.com.tm\/?p=106435","title":{"rendered":"B\u00fctind\u00fcn\u00fd\u00e4 sergisi hem-de E\u00fdfel di\u0148i a\u00e7yl\u00fdar"},"content":{"rendered":"<p>1889-njy \u00fdyly\u0148 6-njy ma\u00fdynda Fransi\u00fdany\u0148 pa\u00fdtagty Pari\u017ede B\u00fctind\u00fcn\u00fd\u00e4 sergisi (fransuz\u00e7a: \u201cExposition Universelle of 1889\u201d) hem-de bu sergini\u0148 derwezesi h\u00f6km\u00fcnde hem-de Fransuz Rewol\u00fdusi\u00fdasyny\u0148 100 \u00fdyllygyna bagy\u015flanyp gurlan E\u00fdfel di\u0148i a\u00e7yldy. \u015eol \u00fdyly\u0148 31-nji okt\u00fdabryna \u00e7enli dowam eden sergide d\u00fcn\u00fd\u00e4ni\u0148 35 \u00fdurdundan d\u00fcrli harytlar we hyzmatlar g\u00f6rkezilip, 32 milliondan gowrak myhman gatna\u015f\u00fdar.<br \/>\nGurlu\u015fygy dowam ed\u00fd\u00e4n wagtynda hem-de gurlup gutarylandan so\u0148ra-da d\u00fcrli jedellere getiren t\u00e4sin desga onu\u0148 binag\u00e4ri Gustaw E\u00fdfeli\u0148 adyny g\u00f6ter\u00fd\u00e4r. \u00dderli halk bu desgany &#8220;La dame de fer&#8221; \u00fdagny \u201cdemir ledi\/a\u00fdal\u201d di\u00fdip atlandyr\u00fdar. H\u00e4zirki wagtda fransuz medeni\u00fdetini\u0148 simwoly hasaplan\u00fdan bina d\u00fcn\u00fd\u00e4de giri\u015f t\u00f6legi bolup, i\u0148 k\u00f6p g\u00f6r\u00fcl\u00fd\u00e4n \u00fdadyg\u00e4rlik hasaplan\u00fdar. 1964-nji \u00fdylda Fransi\u00fdany\u0148 taryhy \u00fdadyg\u00e4rligi (Monument historique) h\u00f6km\u00fcnde ykrar edilen desga 1991-nji \u00ddUNESKO-ny\u0148 B\u00fctind\u00fcn\u00fd\u00e4 mirasyny\u0148 sanawyna girizil\u00fd\u00e4r.<\/p>\n<p><strong>Suratda:<\/strong> Sergini\u0148 ge\u00e7iril\u00fd\u00e4n me\u00fddanyny\u0148 gu\u015fu\u00e7ar belentlikden howa \u015faryny\u0148 \u00fcst\u00fcnden alnan suraty.<\/p>\n","protected":false},"excerpt":{"rendered":"<p>1889-njy \u00fdyly\u0148 6-njy ma\u00fdynda Fransi\u00fdany\u0148 pa\u00fdtagty Pari\u017ede B\u00fctind\u00fcn\u00fd\u00e4 sergisi (fransuz\u00e7a: \u201cExposition Universelle of 1889\u201d) hem-de bu sergini\u0148 derwezesi h\u00f6km\u00fcnde hem-de Fransuz Rewol\u00fdusi\u00fdasyny\u0148 100 \u00fdyllygyna bagy\u015flanyp gurlan E\u00fdfel di\u0148i a\u00e7yldy. \u015eol \u00fdyly\u0148 31-nji okt\u00fdabryna \u00e7enli dowam eden sergide d\u00fcn\u00fd\u00e4ni\u0148 35 \u00fdurdundan d\u00fcrli harytlar we hyzmatlar g\u00f6rkezilip, 32 milliondan gowrak myhman gatna\u015f\u00fdar. Gurlu\u015fygy dowam ed\u00fd\u00e4n wagtynda hem-de [&hellip;]<\/p>\n","protected":false},"author":2,"featured_media":106437,"comment_status":"open","ping_status":"closed","sticky":false,"template":"","format":"standard","meta":{"footnotes":""},"categories":[402],"tags":[],"acf":[],"_links":{"self":[{"href":"https:\/\/zamanturkmenistan.com.tm\/index.php?rest_route=\/wp\/v2\/posts\/106435"}],"collection":[{"href":"https:\/\/zamanturkmenistan.com.tm\/index.php?rest_route=\/wp\/v2\/posts"}],"about":[{"href":"https:\/\/zamanturkmenistan.com.tm\/index.php?rest_route=\/wp\/v2\/types\/post"}],"author":[{"embeddable":true,"href":"https:\/\/zamanturkmenistan.com.tm\/index.php?rest_route=\/wp\/v2\/users\/2"}],"replies":[{"embeddable":true,"href":"https:\/\/zamanturkmenistan.com.tm\/index.php?rest_route=%2Fwp%2Fv2%2Fcomments&post=106435"}],"version-history":[{"count":1,"href":"https:\/\/zamanturkmenistan.com.tm\/index.php?rest_route=\/wp\/v2\/posts\/106435\/revisions"}],"predecessor-version":[{"id":106438,"href":"https:\/\/zamanturkmenistan.com.tm\/index.php?rest_route=\/wp\/v2\/posts\/106435\/revisions\/106438"}],"wp:featuredmedia":[{"embeddable":true,"href":"https:\/\/zamanturkmenistan.com.tm\/index.php?rest_route=\/wp\/v2\/media\/106437"}],"wp:attachment":[{"href":"https:\/\/zamanturkmenistan.com.tm\/index.php?rest_route=%2Fwp%2Fv2%2Fmedia&parent=106435"}],"wp:term":[{"taxonomy":"category","embeddable":true,"href":"https:\/\/zamanturkmenistan.com.tm\/index.php?rest_route=%2Fwp%2Fv2%2Fcategories&post=106435"},{"taxonomy":"post_tag","embeddable":true,"href":"https:\/\/zamanturkmenistan.com.tm\/index.php?rest_route=%2Fwp%2Fv2%2Ftags&post=106435"}],"curies":[{"name":"wp","href":"https:\/\/api.w.org\/{rel}","templated":true}]}}