{"id":106533,"date":"2024-05-07T10:28:51","date_gmt":"2024-05-07T05:28:51","guid":{"rendered":"https:\/\/zamanturkmenistan.com.tm\/?p=106533"},"modified":"2024-05-07T10:28:51","modified_gmt":"2024-05-07T05:28:51","slug":"turkmenistanyn-prezidentinin-gol-ceken-permanlary","status":"publish","type":"post","link":"https:\/\/zamanturkmenistan.com.tm\/?p=106533","title":{"rendered":"T\u00fcrkmenistany\u0148 Prezidentini\u0148 gol \u00e7eken permanlary"},"content":{"rendered":"<p><strong>G<\/strong><strong>.<\/strong><strong>S<\/strong><strong>.<\/strong><strong>M\u00e4mmedowa <\/strong><strong>hakynda T\u00fcrkmenistany\u0148 Prezidentini\u0148 Permany<\/strong><\/p>\n<p>G\u00fcl\u015fat Sahy\u00fdewna M\u00e4mmedowany Arkadag \u015f\u00e4herini\u0148 h\u00e4kimi wezipesine bellemeli.<\/p>\n<p><strong>T\u00fcrkmenistany\u0148 Prezidenti<\/strong><\/p>\n<p><strong>Serdar Berdimuhamedow.<\/strong><\/p>\n<p><em>A\u015fgabat \u015f\u00e4heri, 2024-nji \u00fdyly\u0148 6-njy ma\u00fdy.<\/em><\/p>\n<p style=\"text-align: center;\"><strong><em>***<\/em><\/strong><\/p>\n<p><strong>\u015e<\/strong><strong>.<\/strong><strong>Durdyly\u00fdew <\/strong><strong>hakynda T\u00fcrkmenistany\u0148 Prezidentini\u0148 Permany<\/strong><\/p>\n<p>\u015eamuhammet Durdyly\u00fdewi, saglyk \u00fdagda\u00fdy seb\u00e4pli, Arkadag \u015f\u00e4herini\u0148 h\u00e4kimi wezipesinden bo\u015fatmaly.<\/p>\n<p><strong>T\u00fcrkmenistany\u0148 Prezidenti<\/strong><\/p>\n<p><strong>Serdar Berdimuhamedow.<\/strong><\/p>\n<p><em>A\u015fgabat \u015f\u00e4heri, 2024-nji \u00fdyly\u0148 6-njy ma\u00fdy.<\/em><\/p>\n<p>&nbsp;<\/p>\n","protected":false},"excerpt":{"rendered":"<p>G.S.M\u00e4mmedowa hakynda T\u00fcrkmenistany\u0148 Prezidentini\u0148 Permany G\u00fcl\u015fat Sahy\u00fdewna M\u00e4mmedowany Arkadag \u015f\u00e4herini\u0148 h\u00e4kimi wezipesine bellemeli. T\u00fcrkmenistany\u0148 Prezidenti Serdar Berdimuhamedow. A\u015fgabat \u015f\u00e4heri, 2024-nji \u00fdyly\u0148 6-njy ma\u00fdy. *** \u015e.Durdyly\u00fdew hakynda T\u00fcrkmenistany\u0148 Prezidentini\u0148 Permany \u015eamuhammet Durdyly\u00fdewi, saglyk \u00fdagda\u00fdy seb\u00e4pli, Arkadag \u015f\u00e4herini\u0148 h\u00e4kimi wezipesinden bo\u015fatmaly. T\u00fcrkmenistany\u0148 Prezidenti Serdar Berdimuhamedow. A\u015fgabat \u015f\u00e4heri, 2024-nji \u00fdyly\u0148 6-njy ma\u00fdy. &nbsp;<\/p>\n","protected":false},"author":2,"featured_media":64511,"comment_status":"open","ping_status":"closed","sticky":false,"template":"","format":"standard","meta":{"footnotes":""},"categories":[3],"tags":[],"acf":[],"_links":{"self":[{"href":"https:\/\/zamanturkmenistan.com.tm\/index.php?rest_route=\/wp\/v2\/posts\/106533"}],"collection":[{"href":"https:\/\/zamanturkmenistan.com.tm\/index.php?rest_route=\/wp\/v2\/posts"}],"about":[{"href":"https:\/\/zamanturkmenistan.com.tm\/index.php?rest_route=\/wp\/v2\/types\/post"}],"author":[{"embeddable":true,"href":"https:\/\/zamanturkmenistan.com.tm\/index.php?rest_route=\/wp\/v2\/users\/2"}],"replies":[{"embeddable":true,"href":"https:\/\/zamanturkmenistan.com.tm\/index.php?rest_route=%2Fwp%2Fv2%2Fcomments&post=106533"}],"version-history":[{"count":1,"href":"https:\/\/zamanturkmenistan.com.tm\/index.php?rest_route=\/wp\/v2\/posts\/106533\/revisions"}],"predecessor-version":[{"id":106534,"href":"https:\/\/zamanturkmenistan.com.tm\/index.php?rest_route=\/wp\/v2\/posts\/106533\/revisions\/106534"}],"wp:featuredmedia":[{"embeddable":true,"href":"https:\/\/zamanturkmenistan.com.tm\/index.php?rest_route=\/wp\/v2\/media\/64511"}],"wp:attachment":[{"href":"https:\/\/zamanturkmenistan.com.tm\/index.php?rest_route=%2Fwp%2Fv2%2Fmedia&parent=106533"}],"wp:term":[{"taxonomy":"category","embeddable":true,"href":"https:\/\/zamanturkmenistan.com.tm\/index.php?rest_route=%2Fwp%2Fv2%2Fcategories&post=106533"},{"taxonomy":"post_tag","embeddable":true,"href":"https:\/\/zamanturkmenistan.com.tm\/index.php?rest_route=%2Fwp%2Fv2%2Ftags&post=106533"}],"curies":[{"name":"wp","href":"https:\/\/api.w.org\/{rel}","templated":true}]}}