{"id":106548,"date":"2024-05-07T12:30:31","date_gmt":"2024-05-07T07:30:31","guid":{"rendered":"https:\/\/zamanturkmenistan.com.tm\/?p=106548"},"modified":"2024-05-07T15:43:27","modified_gmt":"2024-05-07T10:43:27","slug":"si-szinpin-5-yyldan-son-yewropada","status":"publish","type":"post","link":"https:\/\/zamanturkmenistan.com.tm\/?p=106548","title":{"rendered":"Si Szinpin 5 \u00fdyldan so\u0148 \u00ddewropada"},"content":{"rendered":"<p>Hyta\u00fdy\u0148 Ba\u015flygy Si Szinpin 5 \u00fdyl t\u00f6weregi wagtdan so\u0148ra \u00ddewropa \u00fdurtlarynda saparda bol\u00fdar. D\u00f6wlet \u00fdolba\u015f\u00e7ysyny\u0148 bu saparyny\u0148 maksatnamasynda k\u00e4bir \u00fdurtda ilkinji gezek bolar. 6-njy ma\u00fdda Hyta\u00fdy\u0148 Ba\u015flygy Si Szinpin, Pari\u017e \u015f\u00e4herini\u0148 \u00ddelise\u00fd k\u00f6\u015fg\u00fcnde guralan \u201cHyta\u00fd &#8211; Fransi\u00fda-\u00ddewropa Bilele\u015figi\u201d atly \u00fc\u00e7 tarapla\u00fdyn maslahatda Fransi\u00fdany\u0148 Prezidenti Emmanuel Makron hem-de \u00ddewropa Komissi\u00fdasyny\u0148 ba\u015flygy Ursula fon der L\u00fda\u00fden bilen geple\u015fik ge\u00e7irdi.<br \/>\nBu maslahatda Hyta\u00fdy\u0148 lideri Siz Szinpin Hyta\u00fd bilen \u00ddewropa Bilele\u015figini\u0148 \u00fcst\u00fcnlikli dowam etdiril\u00fd\u00e4n hyzmatda\u015flyga ygrarly bolmalydygyny a\u00fdtdy. \u015ee\u00fdle hem, ol \u00f6z \u00fdurduny\u0148 \u00ddewropa sebitine m\u00f6h\u00fcm hyzmatda\u015f h\u00f6km\u00fcnde gara\u00fdandygyny belledi.<br \/>\nHyta\u00fdy\u0148 Ba\u015flygy Si Szinpin 5-nji ma\u00fdda Fransi\u00fda, Serbi\u00fda we Wengri\u00fda d\u00f6wlet saparlaryny amala a\u015fyrmak maksady bilen \u00ddewropa saparyna ba\u015flady. Bu sapar Fransi\u00fdany\u0148 Prezidenti Emmanuel Makrony\u0148, Serbi\u00fdany\u0148 Prezidenti Aleksandar Wu\u00e7i\u00e7i\u0148, Wengri\u00fdany\u0148 Prezidenti Tama\u015fa \u015eu\u00fdoky\u0148 we Wengri\u00fdany\u0148 Prem\u00fder-ministri Wiktor Orbany\u0148 \u00e7akylygy bo\u00fdun\u00e7a amala a\u015fyryl\u00fdar. Onu\u0148 \u00ddewropa sapary 10-njy ma\u00fda \u00e7enli dowam eder.<br \/>\n-Hyta\u00fd mundan be\u00fdl\u00e4k hem Fransi\u00fda we be\u00fdleki \u00fdurtlar bilen \u00fdokary derejeli gatna\u015fyklary \u00e7u\u0148la\u015fdyrar. Fransi\u00fda \u00fda\u015fyl innowasi\u00fda esasynda ga\u00fdtadan senagatla\u015fdyr\u00fdar, Hyta\u00fd bolsa, \u00f6z gezeginde, t\u00e4ze hilli \u00f6nd\u00fcrijilik g\u00fc\u00fd\u00e7lerini\u0148 \u00f6s\u00fc\u015fini \u00e7altla\u015fdyr\u00fdar. Iki \u00fdurt innowasi\u00fda pudagyndaky hyzmatda\u015flygy \u00e7u\u0148la\u015fdyryp, bilelikd\u00e4ki tagallalar arkaly \u00fda\u015fyl \u00f6s\u00fc\u015fe \u00fdardam berip biler \u2013 di\u00fdip, Hyta\u00fdy\u0148 Ba\u015flygy Si Szinpin belledi.<br \/>\n\u015ee\u00fdle hem Hyta\u00fd d\u00fcn\u00fd\u00e4de parahat\u00e7ylygy we durnuklylygy saklamak \u00fc\u00e7in Fransi\u00fda bilen \u00f6zara gatna\u015fyklary we hyzmatda\u015flygy pugtalandyrmaga bil bagla\u00fdar. Si Szinpin \u201cHyta\u00fdy\u0148 \u00ddewropa parahat\u00e7ylygy\u0148 we durnuklylygy\u0148 \u00e7alt ga\u00fddyp gelmegine umyt bagla\u00fdandygyny, halkara jemgy\u00fdet\u00e7iligi, \u015fol sanda Fransi\u00fda bilen bilelikde emele gelen \u00e7\u00f6kg\u00fcnliklerden \u00e7ykalga g\u00f6zlem\u00e4ge ta\u00fd\u00fdardygyny a\u00fdtdy. &#8221;<br \/>\nMundan ba\u015fga-da, Hyta\u00fdy\u0148 Ba\u015flygy HHR bilen Fransi\u00fdany\u0148 gara\u015fsyz we \u00f6zba\u015fdak ruhy bolan iki sany uly \u00fdurtdugyny we taryhy\u0148 dowamynda olary\u0148 her birini\u0148 d\u00fcn\u00fd\u00e4ni\u0148 \u00f6s\u00fc\u015fine t\u00e4sir etm\u00e4ge ukyply bolandygyny belledi.<\/p>\n","protected":false},"excerpt":{"rendered":"<p>Hyta\u00fdy\u0148 Ba\u015flygy Si Szinpin 5 \u00fdyl t\u00f6weregi wagtdan so\u0148ra \u00ddewropa \u00fdurtlarynda saparda bol\u00fdar. D\u00f6wlet \u00fdolba\u015f\u00e7ysyny\u0148 bu saparyny\u0148 maksatnamasynda k\u00e4bir \u00fdurtda ilkinji gezek bolar. 6-njy ma\u00fdda Hyta\u00fdy\u0148 Ba\u015flygy Si Szinpin, Pari\u017e \u015f\u00e4herini\u0148 \u00ddelise\u00fd k\u00f6\u015fg\u00fcnde guralan \u201cHyta\u00fd &#8211; Fransi\u00fda-\u00ddewropa Bilele\u015figi\u201d atly \u00fc\u00e7 tarapla\u00fdyn maslahatda Fransi\u00fdany\u0148 Prezidenti Emmanuel Makron hem-de \u00ddewropa Komissi\u00fdasyny\u0148 ba\u015flygy Ursula fon der L\u00fda\u00fden bilen [&hellip;]<\/p>\n","protected":false},"author":2,"featured_media":106549,"comment_status":"open","ping_status":"closed","sticky":false,"template":"","format":"standard","meta":{"footnotes":""},"categories":[5],"tags":[],"acf":[],"_links":{"self":[{"href":"https:\/\/zamanturkmenistan.com.tm\/index.php?rest_route=\/wp\/v2\/posts\/106548"}],"collection":[{"href":"https:\/\/zamanturkmenistan.com.tm\/index.php?rest_route=\/wp\/v2\/posts"}],"about":[{"href":"https:\/\/zamanturkmenistan.com.tm\/index.php?rest_route=\/wp\/v2\/types\/post"}],"author":[{"embeddable":true,"href":"https:\/\/zamanturkmenistan.com.tm\/index.php?rest_route=\/wp\/v2\/users\/2"}],"replies":[{"embeddable":true,"href":"https:\/\/zamanturkmenistan.com.tm\/index.php?rest_route=%2Fwp%2Fv2%2Fcomments&post=106548"}],"version-history":[{"count":1,"href":"https:\/\/zamanturkmenistan.com.tm\/index.php?rest_route=\/wp\/v2\/posts\/106548\/revisions"}],"predecessor-version":[{"id":106551,"href":"https:\/\/zamanturkmenistan.com.tm\/index.php?rest_route=\/wp\/v2\/posts\/106548\/revisions\/106551"}],"wp:featuredmedia":[{"embeddable":true,"href":"https:\/\/zamanturkmenistan.com.tm\/index.php?rest_route=\/wp\/v2\/media\/106549"}],"wp:attachment":[{"href":"https:\/\/zamanturkmenistan.com.tm\/index.php?rest_route=%2Fwp%2Fv2%2Fmedia&parent=106548"}],"wp:term":[{"taxonomy":"category","embeddable":true,"href":"https:\/\/zamanturkmenistan.com.tm\/index.php?rest_route=%2Fwp%2Fv2%2Fcategories&post=106548"},{"taxonomy":"post_tag","embeddable":true,"href":"https:\/\/zamanturkmenistan.com.tm\/index.php?rest_route=%2Fwp%2Fv2%2Ftags&post=106548"}],"curies":[{"name":"wp","href":"https:\/\/api.w.org\/{rel}","templated":true}]}}