{"id":106651,"date":"2024-05-08T17:17:01","date_gmt":"2024-05-08T12:17:01","guid":{"rendered":"https:\/\/zamanturkmenistan.com.tm\/?p=106651"},"modified":"2024-05-08T17:17:01","modified_gmt":"2024-05-08T12:17:01","slug":"turkmenistan-bilen-yewropanyn-arasynda-yuk-dasamalary-ucin-yenillikli-nyrhlar-girizdi","status":"publish","type":"post","link":"https:\/\/zamanturkmenistan.com.tm\/?p=106651","title":{"rendered":"T\u00fcrkmenistan bilen \u00ddewropany\u0148 arasynda \u00fd\u00fck da\u015famalary \u00fc\u00e7in \u00fde\u0148illikli nyrhlar girizdi"},"content":{"rendered":"<p>\u00abT\u00fcrkmenistany\u0148 Ulag-logistika merkezi\u00bb AGPJ CASCA+ ugry bo\u00fdun\u00e7a T\u00fcrkmenistan bilen \u00ddewropany\u0148 arasynda \u00fd\u00fck da\u015famalary \u00fc\u00e7in iki tarapa hem a\u00fdratyn \u00fde\u0148illikli nyrhlary h\u00f6d\u00fcrle\u00fd\u00e4r. Amatly nyrhlar CASCA+ ulag ge\u00e7elgesi arkaly T\u00fcrkmenistan bilen \u00ddewropa \u00fdurtlaryny\u0148 arasynda haryt da\u015fa\u00fdan m\u00fc\u015fderiler \u00fc\u00e7in girizil\u00fd\u00e4r. \u00dd\u00fck ibermek we almak Hazar de\u0148zini\u0148 kenaryndaky T\u00fcrkmenba\u015fy Halkara de\u0148iz portundan amala a\u015fyryl\u00fdar.<br \/>\n\u00abT\u00fcrkmenistany\u0148 Ulag-logistika merkezi\u00bb AGPJ-ni\u0148 a\u00fdratyn \u00fde\u0148illikli nyrhlary barada has gi\u0148i\u015fle\u00fdin maglumaty \u015fu telefon belgilerinden alyp bilersi\u0148iz: (+993 12) 28-53-83, +993 (12) 28-79-89.<br \/>\n\u00c7e\u015fme: auh.com.tm<\/p>\n","protected":false},"excerpt":{"rendered":"<p>\u00abT\u00fcrkmenistany\u0148 Ulag-logistika merkezi\u00bb AGPJ CASCA+ ugry bo\u00fdun\u00e7a T\u00fcrkmenistan bilen \u00ddewropany\u0148 arasynda \u00fd\u00fck da\u015famalary \u00fc\u00e7in iki tarapa hem a\u00fdratyn \u00fde\u0148illikli nyrhlary h\u00f6d\u00fcrle\u00fd\u00e4r. Amatly nyrhlar CASCA+ ulag ge\u00e7elgesi arkaly T\u00fcrkmenistan bilen \u00ddewropa \u00fdurtlaryny\u0148 arasynda haryt da\u015fa\u00fdan m\u00fc\u015fderiler \u00fc\u00e7in girizil\u00fd\u00e4r. \u00dd\u00fck ibermek we almak Hazar de\u0148zini\u0148 kenaryndaky T\u00fcrkmenba\u015fy Halkara de\u0148iz portundan amala a\u015fyryl\u00fdar. \u00abT\u00fcrkmenistany\u0148 Ulag-logistika merkezi\u00bb AGPJ-ni\u0148 a\u00fdratyn [&hellip;]<\/p>\n","protected":false},"author":2,"featured_media":106652,"comment_status":"open","ping_status":"closed","sticky":false,"template":"","format":"standard","meta":{"footnotes":""},"categories":[8273,724],"tags":[],"acf":[],"_links":{"self":[{"href":"https:\/\/zamanturkmenistan.com.tm\/index.php?rest_route=\/wp\/v2\/posts\/106651"}],"collection":[{"href":"https:\/\/zamanturkmenistan.com.tm\/index.php?rest_route=\/wp\/v2\/posts"}],"about":[{"href":"https:\/\/zamanturkmenistan.com.tm\/index.php?rest_route=\/wp\/v2\/types\/post"}],"author":[{"embeddable":true,"href":"https:\/\/zamanturkmenistan.com.tm\/index.php?rest_route=\/wp\/v2\/users\/2"}],"replies":[{"embeddable":true,"href":"https:\/\/zamanturkmenistan.com.tm\/index.php?rest_route=%2Fwp%2Fv2%2Fcomments&post=106651"}],"version-history":[{"count":1,"href":"https:\/\/zamanturkmenistan.com.tm\/index.php?rest_route=\/wp\/v2\/posts\/106651\/revisions"}],"predecessor-version":[{"id":106653,"href":"https:\/\/zamanturkmenistan.com.tm\/index.php?rest_route=\/wp\/v2\/posts\/106651\/revisions\/106653"}],"wp:featuredmedia":[{"embeddable":true,"href":"https:\/\/zamanturkmenistan.com.tm\/index.php?rest_route=\/wp\/v2\/media\/106652"}],"wp:attachment":[{"href":"https:\/\/zamanturkmenistan.com.tm\/index.php?rest_route=%2Fwp%2Fv2%2Fmedia&parent=106651"}],"wp:term":[{"taxonomy":"category","embeddable":true,"href":"https:\/\/zamanturkmenistan.com.tm\/index.php?rest_route=%2Fwp%2Fv2%2Fcategories&post=106651"},{"taxonomy":"post_tag","embeddable":true,"href":"https:\/\/zamanturkmenistan.com.tm\/index.php?rest_route=%2Fwp%2Fv2%2Ftags&post=106651"}],"curies":[{"name":"wp","href":"https:\/\/api.w.org\/{rel}","templated":true}]}}