{"id":106690,"date":"2024-05-09T11:10:29","date_gmt":"2024-05-09T06:10:29","guid":{"rendered":"https:\/\/zamanturkmenistan.com.tm\/?p=106690"},"modified":"2024-05-09T11:15:46","modified_gmt":"2024-05-09T06:15:46","slug":"apple-taze-ipad-modellerini-tanysdyrdy","status":"publish","type":"post","link":"https:\/\/zamanturkmenistan.com.tm\/?p=106690","title":{"rendered":"\u201cApple\u201d t\u00e4ze \u201ciPad\u201d modellerini tany\u015fdyrdy"},"content":{"rendered":"<p>Amerikan \u201cApple\u201d kompani\u00fdasy \u201cLet Loose\u201d atly \u00e7\u00e4rede \u201cM4\u201d mikroprosessorly, OLED ekranly \u201ciPad Pro\u201d hem-de d\u00fcrli ululykdaky t\u00e4zelenen, M2 \u00e7ipli \u201ciPad Air\u201d enjamlaryny tany\u015fdyrdy.<\/p>\n<p><img decoding=\"async\" loading=\"lazy\" class=\"aligncenter wp-image-106698 size-full\" src=\"https:\/\/zamanturkmenistan.com.tm\/wp-content\/uploads\/2024\/05\/ipad-air-2024.jpg\" alt=\"\" width=\"988\" height=\"542\" srcset=\"https:\/\/zamanturkmenistan.com.tm\/wp-content\/uploads\/2024\/05\/ipad-air-2024.jpg 988w, https:\/\/zamanturkmenistan.com.tm\/wp-content\/uploads\/2024\/05\/ipad-air-2024-300x165.jpg 300w, https:\/\/zamanturkmenistan.com.tm\/wp-content\/uploads\/2024\/05\/ipad-air-2024-768x421.jpg 768w, https:\/\/zamanturkmenistan.com.tm\/wp-content\/uploads\/2024\/05\/ipad-air-2024-696x382.jpg 696w, https:\/\/zamanturkmenistan.com.tm\/wp-content\/uploads\/2024\/05\/ipad-air-2024-766x420.jpg 766w\" sizes=\"(max-width: 988px) 100vw, 988px\" \/><br \/>\nIlki bilen \u201ciPad Air\u201d modeli tany\u015fdyryldy. T\u00e4ze \u201ciPad Air\u201d-i\u0148 esasy a\u00fdratynlygy, ozalkylardan tapawutlylykda iki \u00f6l\u00e7egde bolmagydyr. M\u00fc\u015fderiler 11 \u00fda-da 13 d\u00fdu\u00fdmlyk \u201ciPad Air\u201d-den halanyny alyp bilerler. Bu modelde M2 \u00e7ip oturdylyp, kamerasy enjamy kese tutany\u0148yzda has tebigy g\u00f6rner \u00fdaly hereket etdirildi. Mundan ozalky \u201ciPad\u201d-i\u0148 kamerasy dikliginedi, \u015fe\u00fdlelikde wideoja\u0148da geple\u015filende, \u201ciPad\u201d-i dik moda ge\u00e7irmeli bol\u00fdardy. Eger \u201ciPad\u201d-i\u0148izi \u00fdankomp\u00fduter \u00fdaly kese moda ge\u00e7irse\u0148iz, amatsyz bol\u00fdardy. T\u00e4ze \u201ciPad Air\u201d bu mesel\u00e4ni \u00e7\u00f6z\u00fd\u00e4r. Al\u00fdumin gabaraly enjamy\u0148 g\u00f6k, benew\u015fe, \u00fdyldyz \u015f\u00f6hlesi we kosmos \u00e7aly \u00fdaly d\u00f6rt re\u0148klisi bar.<br \/>\n<strong>OLED ekranly \u201ciPad pro\u201d<\/strong><br \/>\nT\u00e4ze tany\u015fdyrylan \u201ciPad Pro\u201d-lary\u0148 hem edil iPad Air\u201d \u00fdaly, 11 we 13 d\u00fdu\u00fdmlyk g\u00f6rn\u00fc\u015fleri bar. \u201ciPad Pro\u201d-ny\u0148 galy\u0148lygy 5,1 mm bolup, h\u00e4zire \u00e7enli \u00e7ykarylan i\u0148 \u00fduka \u201cApple\u201d enjamy hasaplan\u00fdar. T\u00e4ze plan\u015fetler has dury OLED ekranly bolup, ozalkylardan \u00fdukalygy bilen tapawutlan\u00fdar.<br \/>\n<strong>\u201c2022 iPad pro\u201d vs \u201c2024 iPad pro\u201d<\/strong><br \/>\n\u201cApple\u201d-i\u0148 LCD-den OLED ekrana ge\u00e7megi k\u00f6p has m\u00fcmkin\u00e7ilikleri h\u00f6d\u00fcrledi. T\u00e4ze OLED ekranlar wideo g\u00f6rlende hem has durulygy bilen \u00f6z\u00fcne \u00e7ek\u00fd\u00e4r. \u201cApple\u201d enjamy\u0148 \u00fdukalygyny g\u00f6rkezmek \u00fc\u00e7in 2022-nji \u00fdyly\u0148 \u201ciPad Pro\u201d-sy bilen 2024-nji \u00fdyly\u0148 \u201ciPad Pro\u201d-syny de\u0148e\u015fdirip g\u00f6rkezdi. T\u00e4ze \u201ciPad Pro\u201d-larda M4 \u00e7ipleri oturdylypdyr.<br \/>\nT\u00e4ze plan\u015fetler has dury OLED ekranly bolup, \u00fde\u0148il we \u00fduka bolmagy bilen tapawutlan\u00fdar.<\/p>\n<p><img decoding=\"async\" loading=\"lazy\" class=\"aligncenter wp-image-106696 size-full\" src=\"https:\/\/zamanturkmenistan.com.tm\/wp-content\/uploads\/2024\/05\/apple-pencil-2024-ipad.jpg\" alt=\"\" width=\"992\" height=\"560\" srcset=\"https:\/\/zamanturkmenistan.com.tm\/wp-content\/uploads\/2024\/05\/apple-pencil-2024-ipad.jpg 992w, https:\/\/zamanturkmenistan.com.tm\/wp-content\/uploads\/2024\/05\/apple-pencil-2024-ipad-300x169.jpg 300w, https:\/\/zamanturkmenistan.com.tm\/wp-content\/uploads\/2024\/05\/apple-pencil-2024-ipad-768x434.jpg 768w, https:\/\/zamanturkmenistan.com.tm\/wp-content\/uploads\/2024\/05\/apple-pencil-2024-ipad-696x393.jpg 696w, https:\/\/zamanturkmenistan.com.tm\/wp-content\/uploads\/2024\/05\/apple-pencil-2024-ipad-744x420.jpg 744w\" sizes=\"(max-width: 992px) 100vw, 992px\" \/><br \/>\n<strong>\u201cApple Pencil pro\u201d<\/strong><br \/>\nAmerikan tehnologi\u00fda \u00e4girdi \u201cLet Loose\u201d dabarasynda t\u00e4ze \u201ciPad\u201d modelleri bilen bir hatarda plan\u015fetlerde ulanyl\u00fdan \u201cApple Pencil Pro\u201d galamyny\u0148 hem t\u00e4ze nusgasyny tany\u015fdyrdy. Mundan ozal \u201cApple Pencil\u201d-e i\u0148 esasy t\u00e4zelenme 2018-nji \u00fdylda girizilip, \u015fonda magnitli zar\u00fdad a\u00fdratynlygy pe\u00fdda bolupdy. Ge\u00e7en \u00fdyl bolsa, ozalkylardan has pes a\u00fdratynlykly, USB-C zar\u00fdad portly, arzan model pe\u00fdda bolupdy.<br \/>\nIndi bolsa bu galamy\u0148 \u201cPro\u201d modeli \u00e7ykdy. T\u00e4ze galam di\u0148e \u201ciPad Air\u201d we \u201ciPad Pro\u201d enjamlarynda i\u015fl\u00e4p, sensorly a\u00fdratynlygy bar.<br \/>\n<strong>\u201cMagic Keyboard\u201d-y\u0148 t\u00e4ze nusgasy<\/strong><br \/>\n\u00c7\u00e4rede ilkinji gezek 2020-nji \u00fdylda tany\u015fdyrylan \u201ciPad\u201d-i\u0148 \u201cMagic Keyboard\u201d klawiaturasyny\u0148 t\u00e4ze nusgasyny hem g\u00f6rkezdi. T\u00e4ze klawiatura professional ulanyjylar ni\u00fdetlenendir.<br \/>\n<strong>Bahalary<\/strong><br \/>\n\u201ciPad Pro\u201d-lary\u0148 ki\u00e7isi 1000, ulusy 1 m\u00fc\u0148 300 dollardan, \u201ciPad Air\u201d-i\u0148 ki\u00e7isi 600, ulusy 800 dollar t\u00f6weregi bahadan satuwa \u00e7ykarylar.<\/p>\n<p>&nbsp;<\/p>\n","protected":false},"excerpt":{"rendered":"<p>Amerikan \u201cApple\u201d kompani\u00fdasy \u201cLet Loose\u201d atly \u00e7\u00e4rede \u201cM4\u201d mikroprosessorly, OLED ekranly \u201ciPad Pro\u201d hem-de d\u00fcrli ululykdaky t\u00e4zelenen, M2 \u00e7ipli \u201ciPad Air\u201d enjamlaryny tany\u015fdyrdy. Ilki bilen \u201ciPad Air\u201d modeli tany\u015fdyryldy. T\u00e4ze \u201ciPad Air\u201d-i\u0148 esasy a\u00fdratynlygy, ozalkylardan tapawutlylykda iki \u00f6l\u00e7egde bolmagydyr. M\u00fc\u015fderiler 11 \u00fda-da 13 d\u00fdu\u00fdmlyk \u201ciPad Air\u201d-den halanyny alyp bilerler. Bu modelde M2 \u00e7ip oturdylyp, kamerasy [&hellip;]<\/p>\n","protected":false},"author":2,"featured_media":106691,"comment_status":"open","ping_status":"closed","sticky":false,"template":"","format":"standard","meta":{"footnotes":""},"categories":[5,8],"tags":[],"acf":[],"_links":{"self":[{"href":"https:\/\/zamanturkmenistan.com.tm\/index.php?rest_route=\/wp\/v2\/posts\/106690"}],"collection":[{"href":"https:\/\/zamanturkmenistan.com.tm\/index.php?rest_route=\/wp\/v2\/posts"}],"about":[{"href":"https:\/\/zamanturkmenistan.com.tm\/index.php?rest_route=\/wp\/v2\/types\/post"}],"author":[{"embeddable":true,"href":"https:\/\/zamanturkmenistan.com.tm\/index.php?rest_route=\/wp\/v2\/users\/2"}],"replies":[{"embeddable":true,"href":"https:\/\/zamanturkmenistan.com.tm\/index.php?rest_route=%2Fwp%2Fv2%2Fcomments&post=106690"}],"version-history":[{"count":3,"href":"https:\/\/zamanturkmenistan.com.tm\/index.php?rest_route=\/wp\/v2\/posts\/106690\/revisions"}],"predecessor-version":[{"id":106699,"href":"https:\/\/zamanturkmenistan.com.tm\/index.php?rest_route=\/wp\/v2\/posts\/106690\/revisions\/106699"}],"wp:featuredmedia":[{"embeddable":true,"href":"https:\/\/zamanturkmenistan.com.tm\/index.php?rest_route=\/wp\/v2\/media\/106691"}],"wp:attachment":[{"href":"https:\/\/zamanturkmenistan.com.tm\/index.php?rest_route=%2Fwp%2Fv2%2Fmedia&parent=106690"}],"wp:term":[{"taxonomy":"category","embeddable":true,"href":"https:\/\/zamanturkmenistan.com.tm\/index.php?rest_route=%2Fwp%2Fv2%2Fcategories&post=106690"},{"taxonomy":"post_tag","embeddable":true,"href":"https:\/\/zamanturkmenistan.com.tm\/index.php?rest_route=%2Fwp%2Fv2%2Ftags&post=106690"}],"curies":[{"name":"wp","href":"https:\/\/api.w.org\/{rel}","templated":true}]}}