{"id":106870,"date":"2024-05-11T10:26:11","date_gmt":"2024-05-11T05:26:11","guid":{"rendered":"https:\/\/zamanturkmenistan.com.tm\/?p=106870"},"modified":"2024-05-11T10:26:11","modified_gmt":"2024-05-11T05:26:11","slug":"demir-yol-ulgamyny-dowrebaplasdyrmak-boyunca-german-kompaniyasy-bilen-hyzmatdaslyk-ediler","status":"publish","type":"post","link":"https:\/\/zamanturkmenistan.com.tm\/?p=106870","title":{"rendered":"Demir \u00fdol ulgamyny d\u00f6wrebapla\u015fdyrmak bo\u00fdun\u00e7a german kompani\u00fdasy bilen hyzmatda\u015flyk ediler"},"content":{"rendered":"<p>10-njy ma\u00fdda ge\u00e7irilen sanly ulgam arkaly Ministrler Kabinetini\u0148 mejlisinde Ministrler Kabinetini\u0148 \u00fdanyndaky Ulag we kommunikasi\u00fdalar agentligini\u0148 Ba\u015f direktory M.\u00c7aky\u00fdew \u00fdurdumyzy\u0148 demir \u00fdol ulaglary pudagyny\u0148 maddy-enjamla\u00fdyn bin\u00fdadyny pugtalandyrmak bo\u00fdun\u00e7a alnyp baryl\u00fdan i\u015fler barada hasabat berdi.<br \/>\n\u201cT\u00fcrkmenistany\u0148 Prezidentini\u0148 \u00fdurdumyzy 2022\u20142028-nji \u00fdyllarda durmu\u015f-ykdysady ta\u00fddan \u00f6sd\u00fcrmegi\u0148 Maksatnamasynda\u201d demir \u00fdol ulgamyny d\u00f6wrebapla\u015fdyrmak, elektrikle\u015fdirmek, dolandyry\u015f ulgamyny k\u00e4mille\u015fdirmek, h\u00fcn\u00e4rmenleri ta\u00fd\u00fdarlamak bo\u00fdun\u00e7a i\u015fleri hem-de be\u00fdleki \u00e7\u00e4releri durmu\u015fa ge\u00e7irmek g\u00f6z \u00f6\u0148\u00fcnde tutul\u00fdar. \u015eunu\u0148 bilen baglylykda, d\u00fcn\u00fd\u00e4ni\u0148 \u00fd\u00fck da\u015famak we \u00fdolag\u00e7y gatnatmak, logistika, demir \u00fdollary d\u00f6wrebapla\u015fdyrmak ulgamynda \u00fd\u00f6ritele\u015fen \u00f6\u0148debaryjy kompani\u00fdalary bilen du\u015fu\u015fyklary\u0148 ge\u00e7irilendigi habar berildi. Bellenili\u015fi \u00fdaly, 2023-nji \u00fdylda t\u00fcrkmen halkyny\u0148 Milli Lideri, T\u00fcrkmenistany\u0148 Halk Maslahatyny\u0148 Ba\u015flygy Gurbanguly Berdimuhamedow Germani\u00fda Federatiw Respublikasyna amala a\u015fyran i\u015f saparyny\u0148 \u00e7\u00e4klerinde ge\u00e7irilen T\u00fcrkmen-german i\u015few\u00fcrlik maslahatyndaky \u00e7yky\u015fynda \u201cDeutsche Bahn Holding\u201d kompani\u00fdasy bilen \u00f6zara b\u00e4hbitli hyzmatda\u015flygy\u0148 m\u00f6h\u00fcm \u00e4hmi\u00fdetine \u00fcnsi \u00e7ekdi. \u015eunu\u0148 bilen baglylykda, hormatly Prezidentimizi\u0148 garamagyna degi\u015fli teklipler h\u00f6d\u00fcrlenildi.<br \/>\nHormatly Prezidentimiz hasabaty di\u0148l\u00e4p, milli demir \u00fdol ulaglary pudagyny\u0148 maddy-enjamla\u00fdyn bin\u00fdadyny\u0148 yzygiderli pugtalandyryl\u00fdandygyny we bu ugurda halkara hyzmatda\u015flygy\u0148 \u00fdola go\u00fdul\u00fdandygyny bell\u00e4p, agentligi\u0148 \u00fdolba\u015f\u00e7ysyna Germani\u00fdany\u0148 degi\u015fli kompani\u00fdasy bilen demir \u00fdollar pudagynda \u00f6zara b\u00e4hbitli hyzmatda\u015flyk etmek bo\u00fdun\u00e7a degi\u015fli i\u015fleri ge\u00e7irmegi tab\u015fyrdy.<\/p>\n","protected":false},"excerpt":{"rendered":"<p>10-njy ma\u00fdda ge\u00e7irilen sanly ulgam arkaly Ministrler Kabinetini\u0148 mejlisinde Ministrler Kabinetini\u0148 \u00fdanyndaky Ulag we kommunikasi\u00fdalar agentligini\u0148 Ba\u015f direktory M.\u00c7aky\u00fdew \u00fdurdumyzy\u0148 demir \u00fdol ulaglary pudagyny\u0148 maddy-enjamla\u00fdyn bin\u00fdadyny pugtalandyrmak bo\u00fdun\u00e7a alnyp baryl\u00fdan i\u015fler barada hasabat berdi. \u201cT\u00fcrkmenistany\u0148 Prezidentini\u0148 \u00fdurdumyzy 2022\u20142028-nji \u00fdyllarda durmu\u015f-ykdysady ta\u00fddan \u00f6sd\u00fcrmegi\u0148 Maksatnamasynda\u201d demir \u00fdol ulgamyny d\u00f6wrebapla\u015fdyrmak, elektrikle\u015fdirmek, dolandyry\u015f ulgamyny k\u00e4mille\u015fdirmek, h\u00fcn\u00e4rmenleri ta\u00fd\u00fdarlamak bo\u00fdun\u00e7a i\u015fleri [&hellip;]<\/p>\n","protected":false},"author":2,"featured_media":77160,"comment_status":"open","ping_status":"closed","sticky":false,"template":"","format":"standard","meta":{"footnotes":""},"categories":[3],"tags":[],"acf":[],"_links":{"self":[{"href":"https:\/\/zamanturkmenistan.com.tm\/index.php?rest_route=\/wp\/v2\/posts\/106870"}],"collection":[{"href":"https:\/\/zamanturkmenistan.com.tm\/index.php?rest_route=\/wp\/v2\/posts"}],"about":[{"href":"https:\/\/zamanturkmenistan.com.tm\/index.php?rest_route=\/wp\/v2\/types\/post"}],"author":[{"embeddable":true,"href":"https:\/\/zamanturkmenistan.com.tm\/index.php?rest_route=\/wp\/v2\/users\/2"}],"replies":[{"embeddable":true,"href":"https:\/\/zamanturkmenistan.com.tm\/index.php?rest_route=%2Fwp%2Fv2%2Fcomments&post=106870"}],"version-history":[{"count":1,"href":"https:\/\/zamanturkmenistan.com.tm\/index.php?rest_route=\/wp\/v2\/posts\/106870\/revisions"}],"predecessor-version":[{"id":106871,"href":"https:\/\/zamanturkmenistan.com.tm\/index.php?rest_route=\/wp\/v2\/posts\/106870\/revisions\/106871"}],"wp:featuredmedia":[{"embeddable":true,"href":"https:\/\/zamanturkmenistan.com.tm\/index.php?rest_route=\/wp\/v2\/media\/77160"}],"wp:attachment":[{"href":"https:\/\/zamanturkmenistan.com.tm\/index.php?rest_route=%2Fwp%2Fv2%2Fmedia&parent=106870"}],"wp:term":[{"taxonomy":"category","embeddable":true,"href":"https:\/\/zamanturkmenistan.com.tm\/index.php?rest_route=%2Fwp%2Fv2%2Fcategories&post=106870"},{"taxonomy":"post_tag","embeddable":true,"href":"https:\/\/zamanturkmenistan.com.tm\/index.php?rest_route=%2Fwp%2Fv2%2Ftags&post=106870"}],"curies":[{"name":"wp","href":"https:\/\/api.w.org\/{rel}","templated":true}]}}