{"id":107014,"date":"2024-05-13T12:00:50","date_gmt":"2024-05-13T07:00:50","guid":{"rendered":"https:\/\/zamanturkmenistan.com.tm\/?p=107014"},"modified":"2024-05-13T12:00:50","modified_gmt":"2024-05-13T07:00:50","slug":"demirgazyk-makedoniyanyn-ilkinji-zenan-prezidenti-wezipesine-girisdi","status":"publish","type":"post","link":"https:\/\/zamanturkmenistan.com.tm\/?p=107014","title":{"rendered":"Demirgazyk Makedoni\u00fdany\u0148 ilkinji zenan prezidenti wezipesine giri\u015fdi"},"content":{"rendered":"<p>8-nji ma\u00fdda Demirgazyk Makedoni\u00fdada ge\u00e7irilen prezident sa\u00fdlawlaryny\u0148 ikinji tapgyrynda \u00fde\u0148i\u015f gazanan Gordana Sil\u00fdanowska Dawkowa wezipesine giri\u015fdi. \u015ee\u00fdlelikde \u00fdurdu\u0148 ilkinji zenan d\u00f6wlet \u00fdolba\u015f\u00e7ysy bolan Dawkowa milli parlamentde kasam kabul etdi. Kasam kabul edi\u015flik dabarasyna kazy\u00fdet we \u00fderine \u00fdetiriji organlaryny\u0148 \u00fdokary derejeli wekilleri, dini liderler we da\u015fary \u00fdurtlary\u0148 diplomatik wekilhanalaryny\u0148 \u00fdolba\u015f\u00e7ylary gatna\u015fdy. Bu \u00fderde eden \u00e7yky\u015fynda Dawkowa Prezident wezipesini jogapk\u00e4r\u00e7ilikli \u00fderine \u00fdetirjekdigini, Konstitusi\u00fda we kanunlara hormat go\u00fdjakdygyny, \u00fdurdu\u0148 \u00e7\u00e4k bitewiligini we gara\u015fsyzlygyny gorajakdygyny a\u00fdtdy.<br \/>\nKasam kabul edi\u015flik dabarasyndan so\u0148ra Dawkowa wezipesini ozalky prezident Stewo Pendarowskiden kabul edip aldy.<br \/>\n8-nji ma\u00fdda ge\u00e7irilen sa\u00fdlawda Dawkowa \u015fol wagtky prezident Stewo Pendarowski\u00fd bilen b\u00e4sle\u015fip, 64 g\u00f6terimden gowrak, Pendarowski\u00fd bolsa 29 g\u00f6terimden gowrak ses alypdy.<br \/>\nUzak \u00fdyllary\u0148 dowamynda Makedoni\u00fda di\u00fdlen \u00fdurdu\u0148 ady 2018-nji \u00fdylda Gresi\u00fdada hem \u015fe\u00fdle atly sebiti\u0148 bardygy seb\u00e4pli bu \u00fdurt bilen gol \u00e7ekilen ylala\u015fyk esasynda resmi \u00fdagda\u00fdda Demirgazyk Makedoni\u00fda di\u00fdlip atlandyrylypdy.<\/p>\n","protected":false},"excerpt":{"rendered":"<p>8-nji ma\u00fdda Demirgazyk Makedoni\u00fdada ge\u00e7irilen prezident sa\u00fdlawlaryny\u0148 ikinji tapgyrynda \u00fde\u0148i\u015f gazanan Gordana Sil\u00fdanowska Dawkowa wezipesine giri\u015fdi. \u015ee\u00fdlelikde \u00fdurdu\u0148 ilkinji zenan d\u00f6wlet \u00fdolba\u015f\u00e7ysy bolan Dawkowa milli parlamentde kasam kabul etdi. Kasam kabul edi\u015flik dabarasyna kazy\u00fdet we \u00fderine \u00fdetiriji organlaryny\u0148 \u00fdokary derejeli wekilleri, dini liderler we da\u015fary \u00fdurtlary\u0148 diplomatik wekilhanalaryny\u0148 \u00fdolba\u015f\u00e7ylary gatna\u015fdy. Bu \u00fderde eden \u00e7yky\u015fynda Dawkowa [&hellip;]<\/p>\n","protected":false},"author":2,"featured_media":107015,"comment_status":"open","ping_status":"closed","sticky":false,"template":"","format":"standard","meta":{"footnotes":""},"categories":[5],"tags":[],"acf":[],"_links":{"self":[{"href":"https:\/\/zamanturkmenistan.com.tm\/index.php?rest_route=\/wp\/v2\/posts\/107014"}],"collection":[{"href":"https:\/\/zamanturkmenistan.com.tm\/index.php?rest_route=\/wp\/v2\/posts"}],"about":[{"href":"https:\/\/zamanturkmenistan.com.tm\/index.php?rest_route=\/wp\/v2\/types\/post"}],"author":[{"embeddable":true,"href":"https:\/\/zamanturkmenistan.com.tm\/index.php?rest_route=\/wp\/v2\/users\/2"}],"replies":[{"embeddable":true,"href":"https:\/\/zamanturkmenistan.com.tm\/index.php?rest_route=%2Fwp%2Fv2%2Fcomments&post=107014"}],"version-history":[{"count":1,"href":"https:\/\/zamanturkmenistan.com.tm\/index.php?rest_route=\/wp\/v2\/posts\/107014\/revisions"}],"predecessor-version":[{"id":107016,"href":"https:\/\/zamanturkmenistan.com.tm\/index.php?rest_route=\/wp\/v2\/posts\/107014\/revisions\/107016"}],"wp:featuredmedia":[{"embeddable":true,"href":"https:\/\/zamanturkmenistan.com.tm\/index.php?rest_route=\/wp\/v2\/media\/107015"}],"wp:attachment":[{"href":"https:\/\/zamanturkmenistan.com.tm\/index.php?rest_route=%2Fwp%2Fv2%2Fmedia&parent=107014"}],"wp:term":[{"taxonomy":"category","embeddable":true,"href":"https:\/\/zamanturkmenistan.com.tm\/index.php?rest_route=%2Fwp%2Fv2%2Fcategories&post=107014"},{"taxonomy":"post_tag","embeddable":true,"href":"https:\/\/zamanturkmenistan.com.tm\/index.php?rest_route=%2Fwp%2Fv2%2Ftags&post=107014"}],"curies":[{"name":"wp","href":"https:\/\/api.w.org\/{rel}","templated":true}]}}